{"id":30925,"date":"2023-12-26T16:49:04","date_gmt":"2023-12-26T16:49:04","guid":{"rendered":"https:\/\/solidaridadnews.com\/?p=30925"},"modified":"2023-12-26T16:49:04","modified_gmt":"2023-12-26T16:49:04","slug":"el-renacer-de-mexicana-de-aviacion-despegue-triunfal-del-aifa-a-tulum","status":"publish","type":"post","link":"https:\/\/solidaridadnews.com\/?p=30925","title":{"rendered":"EL RENACER DE MEXICANA DE AVIACI\u00d3N: DESPEGUE TRIUNFAL DEL AIFA A TULUM"},"content":{"rendered":"<p>Despu\u00e9s de 13 a\u00f1os de espera, Mexicana de Aviaci\u00f3n ha vuelto a surcar los cielos mexicanos. Con su primer vuelo desde el Aeropuerto Internacional Felipe \u00c1ngeles (AIFA) hacia el Aeropuerto Internacional de Tulum, la aerol\u00ednea inicia una nueva etapa bajo la direcci\u00f3n del general Sergio Monta\u00f1o. Durante la ceremonia de inicio de operaciones, se destac\u00f3 la facilidad de compra en l\u00ednea y la accesibilidad de los viajes, resaltando que el viaje redondo desde el AIFA a Tulum es m\u00e1s econ\u00f3mico que otras alternativas.<\/p>\n<p>Desde la torre de control, Monta\u00f1o anunci\u00f3 el despegue, subrayando la importancia del hito hist\u00f3rico. \u00abMexicana de Aviaci\u00f3n ha retomado el vuelo\u00bb, inform\u00f3 al presidente, quien felicit\u00f3 a todos por el \u00e9xito del regreso. Este renacer promete una competencia saludable y opciones accesibles para los viajeros.<\/p>\n<div style=\"width: 480px;\" class=\"wp-video\"><video class=\"wp-video-shortcode\" id=\"video-30925-1\" width=\"480\" height=\"270\" preload=\"metadata\" controls=\"controls\"><source type=\"video\/mp4\" src=\"https:\/\/solidaridadnews.com\/wp-content\/uploads\/2023\/12\/ssstwitter.com_1703600137876.mp4?_=1\" \/><a href=\"https:\/\/solidaridadnews.com\/wp-content\/uploads\/2023\/12\/ssstwitter.com_1703600137876.mp4\">https:\/\/solidaridadnews.com\/wp-content\/uploads\/2023\/12\/ssstwitter.com_1703600137876.mp4<\/a><\/video><\/div>\n","protected":false},"excerpt":{"rendered":"<p>Despu\u00e9s de 13 a\u00f1os de espera, Mexicana de Aviaci\u00f3n ha vuelto a surcar los cielos mexicanos. Con su primer vuelo desde el Aeropuerto Internacional Felipe \u00c1ngeles (AIFA) hacia el Aeropuerto Internacional de Tulum, la aerol\u00ednea inicia una nueva etapa bajo la direcci\u00f3n del general Sergio Monta\u00f1o. Durante la ceremonia de inicio de operaciones, se destac\u00f3 [&hellip;]<\/p>\n","protected":false},"author":1,"featured_media":30928,"comment_status":"closed","ping_status":"closed","sticky":false,"template":"","format":"standard","meta":{"footnotes":""},"categories":[2],"tags":[],"class_list":["post-30925","post","type-post","status-publish","format-standard","has-post-thumbnail","hentry","category-nacional"],"_links":{"self":[{"href":"https:\/\/solidaridadnews.com\/index.php?rest_route=\/wp\/v2\/posts\/30925","targetHints":{"allow":["GET"]}}],"collection":[{"href":"https:\/\/solidaridadnews.com\/index.php?rest_route=\/wp\/v2\/posts"}],"about":[{"href":"https:\/\/solidaridadnews.com\/index.php?rest_route=\/wp\/v2\/types\/post"}],"author":[{"embeddable":true,"href":"https:\/\/solidaridadnews.com\/index.php?rest_route=\/wp\/v2\/users\/1"}],"replies":[{"embeddable":true,"href":"https:\/\/solidaridadnews.com\/index.php?rest_route=%2Fwp%2Fv2%2Fcomments&post=30925"}],"version-history":[{"count":1,"href":"https:\/\/solidaridadnews.com\/index.php?rest_route=\/wp\/v2\/posts\/30925\/revisions"}],"predecessor-version":[{"id":30929,"href":"https:\/\/solidaridadnews.com\/index.php?rest_route=\/wp\/v2\/posts\/30925\/revisions\/30929"}],"wp:featuredmedia":[{"embeddable":true,"href":"https:\/\/solidaridadnews.com\/index.php?rest_route=\/wp\/v2\/media\/30928"}],"wp:attachment":[{"href":"https:\/\/solidaridadnews.com\/index.php?rest_route=%2Fwp%2Fv2%2Fmedia&parent=30925"}],"wp:term":[{"taxonomy":"category","embeddable":true,"href":"https:\/\/solidaridadnews.com\/index.php?rest_route=%2Fwp%2Fv2%2Fcategories&post=30925"},{"taxonomy":"post_tag","embeddable":true,"href":"https:\/\/solidaridadnews.com\/index.php?rest_route=%2Fwp%2Fv2%2Ftags&post=30925"}],"curies":[{"name":"wp","href":"https:\/\/api.w.org\/{rel}","templated":true}]}}