{"id":30888,"date":"2023-12-22T16:16:35","date_gmt":"2023-12-22T21:16:35","guid":{"rendered":"https:\/\/solidaridadnews.com\/?p=30888"},"modified":"2023-12-22T21:16:36","modified_gmt":"2023-12-22T21:16:36","slug":"chano-toledo-califica-como-ilegal-la-intervencion-de-las-autoridades-de-valladolid-en-solidaridad","status":"publish","type":"post","link":"https:\/\/solidaridadnews.com\/?p=30888","title":{"rendered":"Chano Toledo califica como ilegal la intervenci\u00f3n de las autoridades de Valladolid en Solidaridad"},"content":{"rendered":"<p class=\"ql-align-justify\">Mediante un escrito enviado al gobierno y al congreso de Yucat\u00e1n, el regidor Marciano Toledo S\u00e1nchez, solicita al presidente municipal de Valladolid dejar de interferir en los asuntos de Punta Laguna, territorio ya reconocido como parte de Solidaridad, Quintana Roo.<\/p>\n<p class=\"ql-align-justify\">Record\u00f3 que en noviembre elementos de la Polic\u00eda Municipal de Valladolid ingresaron a Punta Laguna, con la intenci\u00f3n de detener a funcionarios de Solidaridad, que realizaban gestiones sociales.<\/p>\n<p class=\"ql-align-justify\">Reitero que seg\u00fan la certificaci\u00f3n del catastro, Punta Lagua e Hidalgo y Cortes son parte de Quintana Roo y de Solidaridad, por lo que es ilegal la intervenci\u00f3n a estas comunidades de elementos policiacos y autoridades de Valladolid.<\/p>\n","protected":false},"excerpt":{"rendered":"<p>Mediante un escrito enviado al gobierno y al congreso de Yucat\u00e1n, el regidor Marciano Toledo S\u00e1nchez, solicita al presidente municipal de Valladolid dejar de interferir en los asuntos de Punta Laguna, territorio ya reconocido como parte de Solidaridad, Quintana Roo. Record\u00f3 que en noviembre elementos de la Polic\u00eda Municipal de Valladolid ingresaron a Punta Laguna, [&hellip;]<\/p>\n","protected":false},"author":1,"featured_media":30890,"comment_status":"open","ping_status":"closed","sticky":false,"template":"","format":"standard","meta":{"footnotes":""},"categories":[4],"tags":[],"class_list":["post-30888","post","type-post","status-publish","format-standard","has-post-thumbnail","hentry","category-local"],"_links":{"self":[{"href":"https:\/\/solidaridadnews.com\/index.php?rest_route=\/wp\/v2\/posts\/30888","targetHints":{"allow":["GET"]}}],"collection":[{"href":"https:\/\/solidaridadnews.com\/index.php?rest_route=\/wp\/v2\/posts"}],"about":[{"href":"https:\/\/solidaridadnews.com\/index.php?rest_route=\/wp\/v2\/types\/post"}],"author":[{"embeddable":true,"href":"https:\/\/solidaridadnews.com\/index.php?rest_route=\/wp\/v2\/users\/1"}],"replies":[{"embeddable":true,"href":"https:\/\/solidaridadnews.com\/index.php?rest_route=%2Fwp%2Fv2%2Fcomments&post=30888"}],"version-history":[{"count":1,"href":"https:\/\/solidaridadnews.com\/index.php?rest_route=\/wp\/v2\/posts\/30888\/revisions"}],"predecessor-version":[{"id":30889,"href":"https:\/\/solidaridadnews.com\/index.php?rest_route=\/wp\/v2\/posts\/30888\/revisions\/30889"}],"wp:featuredmedia":[{"embeddable":true,"href":"https:\/\/solidaridadnews.com\/index.php?rest_route=\/wp\/v2\/media\/30890"}],"wp:attachment":[{"href":"https:\/\/solidaridadnews.com\/index.php?rest_route=%2Fwp%2Fv2%2Fmedia&parent=30888"}],"wp:term":[{"taxonomy":"category","embeddable":true,"href":"https:\/\/solidaridadnews.com\/index.php?rest_route=%2Fwp%2Fv2%2Fcategories&post=30888"},{"taxonomy":"post_tag","embeddable":true,"href":"https:\/\/solidaridadnews.com\/index.php?rest_route=%2Fwp%2Fv2%2Ftags&post=30888"}],"curies":[{"name":"wp","href":"https:\/\/api.w.org\/{rel}","templated":true}]}}