{"id":30882,"date":"2023-12-22T16:14:47","date_gmt":"2023-12-22T21:14:47","guid":{"rendered":"https:\/\/solidaridadnews.com\/?p=30882"},"modified":"2023-12-22T21:14:49","modified_gmt":"2023-12-22T21:14:49","slug":"dif-solidaridad-lleva-la-alegria-de-la-navidad-a-villas-del-sol","status":"publish","type":"post","link":"https:\/\/solidaridadnews.com\/?p=30882","title":{"rendered":"DIF Solidaridad lleva la alegr\u00eda de la Navidad a Villas del Sol"},"content":{"rendered":"<div class=\"single-blog-content mt-30\">\n<h3 style=\"text-align: center;\">En el evento hubo juegos inflables, pintacaritas y set fotogr\u00e1fico con Santa Claus<\/h3>\n<p>En el marco de los festejos decembrinos, la presidente municipal de Solidaridad, Lili Campos, encabez\u00f3 la Macroposada DIF 2023 con familias de Villas del Sol, llevando alegr\u00eda y un mensaje de esperanza y renovaci\u00f3n para las ni\u00f1as, ni\u00f1os y padres de familia.<\/p>\n<p>Acompa\u00f1ada del presidente honorario del Sistema para el Desarrollo Integral de la Familia, Cuauht\u00e9moc Escobedo Campos, Lili Campos dijo que las ni\u00f1as y los ni\u00f1os son lo m\u00e1s importante, por lo que en este municipio se les brinda protecci\u00f3n y condiciones para su sano desarrollo integral.<\/p>\n<p>Invit\u00f3 a las familias a vivir las fiestas decembrinas en unidad y dando prioridad a lo m\u00e1s importante: el amor, la solidaridad y el respeto.<\/p>\n<p>Durante el evento, 100 por ciento familiar, se cont\u00f3 con las secretar\u00edas de Justicia Social y Participaci\u00f3n Ciudadana, Salud, Desarrollo Econ\u00f3mico y Atracci\u00f3n de Inversiones. Hubo juegos inflables y de feria, pintacaritas, set fotogr\u00e1fico con Santa Claus, sorpresas y mucha diversi\u00f3n.<\/p>\n<\/div>\n","protected":false},"excerpt":{"rendered":"<p>En el evento hubo juegos inflables, pintacaritas y set fotogr\u00e1fico con Santa Claus En el marco de los festejos decembrinos, la presidente municipal de Solidaridad, Lili Campos, encabez\u00f3 la Macroposada DIF 2023 con familias de Villas del Sol, llevando alegr\u00eda y un mensaje de esperanza y renovaci\u00f3n para las ni\u00f1as, ni\u00f1os y padres de familia. [&hellip;]<\/p>\n","protected":false},"author":1,"featured_media":30884,"comment_status":"open","ping_status":"closed","sticky":false,"template":"","format":"standard","meta":{"footnotes":""},"categories":[4],"tags":[],"class_list":["post-30882","post","type-post","status-publish","format-standard","has-post-thumbnail","hentry","category-local"],"_links":{"self":[{"href":"https:\/\/solidaridadnews.com\/index.php?rest_route=\/wp\/v2\/posts\/30882","targetHints":{"allow":["GET"]}}],"collection":[{"href":"https:\/\/solidaridadnews.com\/index.php?rest_route=\/wp\/v2\/posts"}],"about":[{"href":"https:\/\/solidaridadnews.com\/index.php?rest_route=\/wp\/v2\/types\/post"}],"author":[{"embeddable":true,"href":"https:\/\/solidaridadnews.com\/index.php?rest_route=\/wp\/v2\/users\/1"}],"replies":[{"embeddable":true,"href":"https:\/\/solidaridadnews.com\/index.php?rest_route=%2Fwp%2Fv2%2Fcomments&post=30882"}],"version-history":[{"count":1,"href":"https:\/\/solidaridadnews.com\/index.php?rest_route=\/wp\/v2\/posts\/30882\/revisions"}],"predecessor-version":[{"id":30883,"href":"https:\/\/solidaridadnews.com\/index.php?rest_route=\/wp\/v2\/posts\/30882\/revisions\/30883"}],"wp:featuredmedia":[{"embeddable":true,"href":"https:\/\/solidaridadnews.com\/index.php?rest_route=\/wp\/v2\/media\/30884"}],"wp:attachment":[{"href":"https:\/\/solidaridadnews.com\/index.php?rest_route=%2Fwp%2Fv2%2Fmedia&parent=30882"}],"wp:term":[{"taxonomy":"category","embeddable":true,"href":"https:\/\/solidaridadnews.com\/index.php?rest_route=%2Fwp%2Fv2%2Fcategories&post=30882"},{"taxonomy":"post_tag","embeddable":true,"href":"https:\/\/solidaridadnews.com\/index.php?rest_route=%2Fwp%2Fv2%2Ftags&post=30882"}],"curies":[{"name":"wp","href":"https:\/\/api.w.org\/{rel}","templated":true}]}}