{"id":30861,"date":"2023-12-21T11:25:22","date_gmt":"2023-12-21T16:25:22","guid":{"rendered":"https:\/\/solidaridadnews.com\/?p=30861"},"modified":"2023-12-21T16:25:23","modified_gmt":"2023-12-21T16:25:23","slug":"error-en-censo-de-inegi-perjudica-participaciones-federales-en-solidaridad-2","status":"publish","type":"post","link":"https:\/\/solidaridadnews.com\/?p=30861","title":{"rendered":"Error en censo de INEGI perjudica participaciones federales en Solidaridad"},"content":{"rendered":"<p class=\"ql-align-justify\">El regidor Marciano Toledo S\u00e1nchez lamenta que el INEGI afecte la entrega de participaciones federales para Solidaridad al censar solo a 335 mil habitantes cuando la realidad es de m\u00e1s de 600 mil.<\/p>\n<p class=\"ql-align-justify\">Esto representa una p\u00e9rdida de cientos de millones de pesos anuales para el municipio. Toledo S\u00e1nchez insta al INEGI a corregir de inmediato este error garrafal que reduce significativamente la poblaci\u00f3n de Solidaridad y, por ende, los recursos federales que recibe el municipio.<\/p>\n","protected":false},"excerpt":{"rendered":"<p>El regidor Marciano Toledo S\u00e1nchez lamenta que el INEGI afecte la entrega de participaciones federales para Solidaridad al censar solo a 335 mil habitantes cuando la realidad es de m\u00e1s de 600 mil. Esto representa una p\u00e9rdida de cientos de millones de pesos anuales para el municipio. Toledo S\u00e1nchez insta al INEGI a corregir de [&hellip;]<\/p>\n","protected":false},"author":1,"featured_media":30863,"comment_status":"open","ping_status":"closed","sticky":false,"template":"","format":"standard","meta":{"footnotes":""},"categories":[4],"tags":[],"class_list":["post-30861","post","type-post","status-publish","format-standard","has-post-thumbnail","hentry","category-local"],"_links":{"self":[{"href":"https:\/\/solidaridadnews.com\/index.php?rest_route=\/wp\/v2\/posts\/30861","targetHints":{"allow":["GET"]}}],"collection":[{"href":"https:\/\/solidaridadnews.com\/index.php?rest_route=\/wp\/v2\/posts"}],"about":[{"href":"https:\/\/solidaridadnews.com\/index.php?rest_route=\/wp\/v2\/types\/post"}],"author":[{"embeddable":true,"href":"https:\/\/solidaridadnews.com\/index.php?rest_route=\/wp\/v2\/users\/1"}],"replies":[{"embeddable":true,"href":"https:\/\/solidaridadnews.com\/index.php?rest_route=%2Fwp%2Fv2%2Fcomments&post=30861"}],"version-history":[{"count":1,"href":"https:\/\/solidaridadnews.com\/index.php?rest_route=\/wp\/v2\/posts\/30861\/revisions"}],"predecessor-version":[{"id":30862,"href":"https:\/\/solidaridadnews.com\/index.php?rest_route=\/wp\/v2\/posts\/30861\/revisions\/30862"}],"wp:featuredmedia":[{"embeddable":true,"href":"https:\/\/solidaridadnews.com\/index.php?rest_route=\/wp\/v2\/media\/30863"}],"wp:attachment":[{"href":"https:\/\/solidaridadnews.com\/index.php?rest_route=%2Fwp%2Fv2%2Fmedia&parent=30861"}],"wp:term":[{"taxonomy":"category","embeddable":true,"href":"https:\/\/solidaridadnews.com\/index.php?rest_route=%2Fwp%2Fv2%2Fcategories&post=30861"},{"taxonomy":"post_tag","embeddable":true,"href":"https:\/\/solidaridadnews.com\/index.php?rest_route=%2Fwp%2Fv2%2Ftags&post=30861"}],"curies":[{"name":"wp","href":"https:\/\/api.w.org\/{rel}","templated":true}]}}