{"id":30858,"date":"2023-12-21T11:24:43","date_gmt":"2023-12-21T16:24:43","guid":{"rendered":"https:\/\/solidaridadnews.com\/?p=30858"},"modified":"2023-12-21T16:24:44","modified_gmt":"2023-12-21T16:24:44","slug":"restauranteros-de-solidaridad-esperan-repunte-con-las-fiestas-decembrinas","status":"publish","type":"post","link":"https:\/\/solidaridadnews.com\/?p=30858","title":{"rendered":"Restauranteros de Solidaridad esperan repunte con las fiestas decembrinas"},"content":{"rendered":"<p class=\"ql-align-justify\">Luego de un a\u00f1o sumamente complicado, los restauranteros mantienen altas expectativas para esta temporada decembrinas y fiestas de fin de a\u00f1o, con un repunte significativo que, de respiro a los bolsillos lacerados del sector, as\u00ed lo coment\u00f3, Gerardo Valadez Victorio, Presidente de Canirac Riviera Maya.<\/p>\n<p class=\"ql-align-justify\">Reiter\u00f3 que fueron meses en los que se vieron en una situaci\u00f3n complicada, incluso muchos locales cerraron, otros estuvieron a punto de los n\u00fameros rojos.<\/p>\n<p class=\"ql-align-justify\">Sin embargo, esperan un repunte significativo para estas fechas, lo que les va a permitir seguir con la operatividad, ya se est\u00e1 viendo la bonanza de la \u00e9poca con posadas y eventos especiales, esperan que los n\u00fameros suban y se mantengan hasta el dos de enero.<\/p>\n","protected":false},"excerpt":{"rendered":"<p>Luego de un a\u00f1o sumamente complicado, los restauranteros mantienen altas expectativas para esta temporada decembrinas y fiestas de fin de a\u00f1o, con un repunte significativo que, de respiro a los bolsillos lacerados del sector, as\u00ed lo coment\u00f3, Gerardo Valadez Victorio, Presidente de Canirac Riviera Maya. Reiter\u00f3 que fueron meses en los que se vieron en [&hellip;]<\/p>\n","protected":false},"author":1,"featured_media":30860,"comment_status":"open","ping_status":"closed","sticky":false,"template":"","format":"standard","meta":{"footnotes":""},"categories":[4],"tags":[],"class_list":["post-30858","post","type-post","status-publish","format-standard","has-post-thumbnail","hentry","category-local"],"_links":{"self":[{"href":"https:\/\/solidaridadnews.com\/index.php?rest_route=\/wp\/v2\/posts\/30858","targetHints":{"allow":["GET"]}}],"collection":[{"href":"https:\/\/solidaridadnews.com\/index.php?rest_route=\/wp\/v2\/posts"}],"about":[{"href":"https:\/\/solidaridadnews.com\/index.php?rest_route=\/wp\/v2\/types\/post"}],"author":[{"embeddable":true,"href":"https:\/\/solidaridadnews.com\/index.php?rest_route=\/wp\/v2\/users\/1"}],"replies":[{"embeddable":true,"href":"https:\/\/solidaridadnews.com\/index.php?rest_route=%2Fwp%2Fv2%2Fcomments&post=30858"}],"version-history":[{"count":1,"href":"https:\/\/solidaridadnews.com\/index.php?rest_route=\/wp\/v2\/posts\/30858\/revisions"}],"predecessor-version":[{"id":30859,"href":"https:\/\/solidaridadnews.com\/index.php?rest_route=\/wp\/v2\/posts\/30858\/revisions\/30859"}],"wp:featuredmedia":[{"embeddable":true,"href":"https:\/\/solidaridadnews.com\/index.php?rest_route=\/wp\/v2\/media\/30860"}],"wp:attachment":[{"href":"https:\/\/solidaridadnews.com\/index.php?rest_route=%2Fwp%2Fv2%2Fmedia&parent=30858"}],"wp:term":[{"taxonomy":"category","embeddable":true,"href":"https:\/\/solidaridadnews.com\/index.php?rest_route=%2Fwp%2Fv2%2Fcategories&post=30858"},{"taxonomy":"post_tag","embeddable":true,"href":"https:\/\/solidaridadnews.com\/index.php?rest_route=%2Fwp%2Fv2%2Ftags&post=30858"}],"curies":[{"name":"wp","href":"https:\/\/api.w.org\/{rel}","templated":true}]}}