{"id":30855,"date":"2023-12-21T11:22:24","date_gmt":"2023-12-21T16:22:24","guid":{"rendered":"https:\/\/solidaridadnews.com\/?p=30855"},"modified":"2023-12-21T16:22:25","modified_gmt":"2023-12-21T16:22:25","slug":"reglamento-de-la-playa-72-podria-ser-pet-friendly-2","status":"publish","type":"post","link":"https:\/\/solidaridadnews.com\/?p=30855","title":{"rendered":"Reglamento de la playa 72 podria ser pet friendly"},"content":{"rendered":"<p class=\"ql-align-justify\">Ya se trabaja en un logo y el reglamento para la playa 72, pronto podr\u00eda ser, pet friendly, as\u00ed lo dio a conocer la titular de la Secretar\u00eda de Medio Ambiente Sustentable y Cambio Clim\u00e1tico municipal, Mar\u00eda de Lourdes V\u00e1rguez Ocampo.<\/p>\n<p class=\"ql-align-justify\">Explic\u00f3 que la Presidenta Municipal Lili Campos Miranda instruy\u00f3 a que se hicieran los an\u00e1lisis dadas las constantes peticiones de la ciudadan\u00eda que acuden a estos arenales con sus mascotas.<\/p>\n","protected":false},"excerpt":{"rendered":"<p>Ya se trabaja en un logo y el reglamento para la playa 72, pronto podr\u00eda ser, pet friendly, as\u00ed lo dio a conocer la titular de la Secretar\u00eda de Medio Ambiente Sustentable y Cambio Clim\u00e1tico municipal, Mar\u00eda de Lourdes V\u00e1rguez Ocampo. Explic\u00f3 que la Presidenta Municipal Lili Campos Miranda instruy\u00f3 a que se hicieran los [&hellip;]<\/p>\n","protected":false},"author":1,"featured_media":30857,"comment_status":"open","ping_status":"closed","sticky":false,"template":"","format":"standard","meta":{"footnotes":""},"categories":[4],"tags":[],"class_list":["post-30855","post","type-post","status-publish","format-standard","has-post-thumbnail","hentry","category-local"],"_links":{"self":[{"href":"https:\/\/solidaridadnews.com\/index.php?rest_route=\/wp\/v2\/posts\/30855","targetHints":{"allow":["GET"]}}],"collection":[{"href":"https:\/\/solidaridadnews.com\/index.php?rest_route=\/wp\/v2\/posts"}],"about":[{"href":"https:\/\/solidaridadnews.com\/index.php?rest_route=\/wp\/v2\/types\/post"}],"author":[{"embeddable":true,"href":"https:\/\/solidaridadnews.com\/index.php?rest_route=\/wp\/v2\/users\/1"}],"replies":[{"embeddable":true,"href":"https:\/\/solidaridadnews.com\/index.php?rest_route=%2Fwp%2Fv2%2Fcomments&post=30855"}],"version-history":[{"count":1,"href":"https:\/\/solidaridadnews.com\/index.php?rest_route=\/wp\/v2\/posts\/30855\/revisions"}],"predecessor-version":[{"id":30856,"href":"https:\/\/solidaridadnews.com\/index.php?rest_route=\/wp\/v2\/posts\/30855\/revisions\/30856"}],"wp:featuredmedia":[{"embeddable":true,"href":"https:\/\/solidaridadnews.com\/index.php?rest_route=\/wp\/v2\/media\/30857"}],"wp:attachment":[{"href":"https:\/\/solidaridadnews.com\/index.php?rest_route=%2Fwp%2Fv2%2Fmedia&parent=30855"}],"wp:term":[{"taxonomy":"category","embeddable":true,"href":"https:\/\/solidaridadnews.com\/index.php?rest_route=%2Fwp%2Fv2%2Fcategories&post=30855"},{"taxonomy":"post_tag","embeddable":true,"href":"https:\/\/solidaridadnews.com\/index.php?rest_route=%2Fwp%2Fv2%2Ftags&post=30855"}],"curies":[{"name":"wp","href":"https:\/\/api.w.org\/{rel}","templated":true}]}}