{"id":30831,"date":"2023-12-20T17:19:35","date_gmt":"2023-12-20T22:19:35","guid":{"rendered":"https:\/\/solidaridadnews.com\/?p=30831"},"modified":"2023-12-20T22:19:37","modified_gmt":"2023-12-20T22:19:37","slug":"playa-del-carmen-preparate-aguakan-preve-falta-de-agua-por-trabajos-de-cfe","status":"publish","type":"post","link":"https:\/\/solidaridadnews.com\/?p=30831","title":{"rendered":"Playa del Carmen: \u00a1Prep\u00e1rate! Aguakan prev\u00e9 falta de agua por trabajos de CFE"},"content":{"rendered":"<div>\n<div class=\"row m-b-15\">\n<div class=\"col-xs-12 col-sm-12 col-md-12 col-lg-12\">\n<h4 class=\"introduction\" style=\"text-align: center;\">Prev\u00e9n variaciones de voltaje y posibles interrupciones en el suministro de energ\u00eda.<\/h4>\n<\/div>\n<\/div>\n<\/div>\n<div class=\"row m-b-25\">\n<div class=\"col-xs-12 col-sm-12 col-md-12 col-lg-12 info-extra-new\">\n<p>La empresa\u00a0<strong>Aguakan<\/strong>, anunci\u00f3 que el pr\u00f3ximo viernes 22 de diciembre de 2023, la\u00a0<strong>Comisi\u00f3n Federal de Electricidad\u00a0<\/strong>(CFE) llevar\u00e1 a cabo trabajos programados en su Red General de Distribuci\u00f3n de energ\u00eda el\u00e9ctrica.<\/p>\n<p>Seg\u00fan con el comunicado de la compa\u00f1\u00eda de\u00a0<strong>Desarrollos Hidr\u00e1ulicos de Canc\u00fan, S. A. de C. V.<\/strong>, recibi\u00f3 la notificaci\u00f3n de la CFE, se prev\u00e9n variaciones de voltaje y posibles interrupciones en el suministro de energ\u00eda en la\u00a0<strong>Zona de Captaci\u00f3n<\/strong>\u00a0de Aguakan durante ese d\u00eda.<\/p>\n<p>Esta situaci\u00f3n podr\u00eda provocar baja presi\u00f3n o incluso la falta de agua en distintas localidades del municipio de\u00a0<strong>Solidaridad<\/strong>, las cuales la empresa no ha especificado.<\/p>\n<p>Aguakan ha manifestado su compromiso de mantenerse alerta y en constante comunicaci\u00f3n con la CFE para gestionar y restablecer el servicio en el menor tiempo posible.<\/p>\n<h2>Recomendaciones<\/h2>\n<p>Aguakan recomienda a los residentes de Solidaridad estar informados sobre la situaci\u00f3n y seguir las actualizaciones a trav\u00e9s de los canales oficiales.<\/p>\n<p>Para obtener informaci\u00f3n adicional y realizar consultas, la empresa habilit\u00f3 la l\u00ednea de atenci\u00f3n 073. Adem\u00e1s, inst\u00f3 a la comunidad a seguir los avances a trav\u00e9s de las redes sociales en Facebook y Twitter, bajo el usuario\u00a0<strong>@<a title=\"DHCAguakan\" href=\"https:\/\/twitter.com\/search?q=DHCAguakan&amp;src=typed_query\">DHCAguakan<\/a><\/strong>.<\/p>\n<p>La empresa se disculp\u00f3 de antemano por cualquier inconveniente que estos trabajos puedan ocasionar y agradece la comprensi\u00f3n y colaboraci\u00f3n de la comunidad durante este per\u00edodo.<\/p>\n<\/div>\n<\/div>\n","protected":false},"excerpt":{"rendered":"<p>Prev\u00e9n variaciones de voltaje y posibles interrupciones en el suministro de energ\u00eda. La empresa\u00a0Aguakan, anunci\u00f3 que el pr\u00f3ximo viernes 22 de diciembre de 2023, la\u00a0Comisi\u00f3n Federal de Electricidad\u00a0(CFE) llevar\u00e1 a cabo trabajos programados en su Red General de Distribuci\u00f3n de energ\u00eda el\u00e9ctrica. Seg\u00fan con el comunicado de la compa\u00f1\u00eda de\u00a0Desarrollos Hidr\u00e1ulicos de Canc\u00fan, S. A. [&hellip;]<\/p>\n","protected":false},"author":1,"featured_media":30833,"comment_status":"open","ping_status":"closed","sticky":false,"template":"","format":"standard","meta":{"footnotes":""},"categories":[4],"tags":[],"class_list":["post-30831","post","type-post","status-publish","format-standard","has-post-thumbnail","hentry","category-local"],"_links":{"self":[{"href":"https:\/\/solidaridadnews.com\/index.php?rest_route=\/wp\/v2\/posts\/30831","targetHints":{"allow":["GET"]}}],"collection":[{"href":"https:\/\/solidaridadnews.com\/index.php?rest_route=\/wp\/v2\/posts"}],"about":[{"href":"https:\/\/solidaridadnews.com\/index.php?rest_route=\/wp\/v2\/types\/post"}],"author":[{"embeddable":true,"href":"https:\/\/solidaridadnews.com\/index.php?rest_route=\/wp\/v2\/users\/1"}],"replies":[{"embeddable":true,"href":"https:\/\/solidaridadnews.com\/index.php?rest_route=%2Fwp%2Fv2%2Fcomments&post=30831"}],"version-history":[{"count":1,"href":"https:\/\/solidaridadnews.com\/index.php?rest_route=\/wp\/v2\/posts\/30831\/revisions"}],"predecessor-version":[{"id":30832,"href":"https:\/\/solidaridadnews.com\/index.php?rest_route=\/wp\/v2\/posts\/30831\/revisions\/30832"}],"wp:featuredmedia":[{"embeddable":true,"href":"https:\/\/solidaridadnews.com\/index.php?rest_route=\/wp\/v2\/media\/30833"}],"wp:attachment":[{"href":"https:\/\/solidaridadnews.com\/index.php?rest_route=%2Fwp%2Fv2%2Fmedia&parent=30831"}],"wp:term":[{"taxonomy":"category","embeddable":true,"href":"https:\/\/solidaridadnews.com\/index.php?rest_route=%2Fwp%2Fv2%2Fcategories&post=30831"},{"taxonomy":"post_tag","embeddable":true,"href":"https:\/\/solidaridadnews.com\/index.php?rest_route=%2Fwp%2Fv2%2Ftags&post=30831"}],"curies":[{"name":"wp","href":"https:\/\/api.w.org\/{rel}","templated":true}]}}