{"id":30813,"date":"2023-12-19T12:51:09","date_gmt":"2023-12-19T17:51:09","guid":{"rendered":"https:\/\/solidaridadnews.com\/?p=30813"},"modified":"2023-12-19T17:51:10","modified_gmt":"2023-12-19T17:51:10","slug":"piden-darle-tiempo-al-tren-maya-tras-su-inauguracion","status":"publish","type":"post","link":"https:\/\/solidaridadnews.com\/?p=30813","title":{"rendered":"Piden darle tiempo al Tren Maya tras su inauguraci\u00f3n"},"content":{"rendered":"<p class=\"ql-align-justify\">Tras la inauguraci\u00f3n de un tramo del Tren Maya, y ante los comentarios de que es un medio de transporte lento, Pablo Alcocer G\u00f3ngora, Presidente del Consejo Coordinador Empresarial de la Rivera Maya, dijo que hay que darle un tiempo antes de emitir un juicio<\/p>\n<p class=\"ql-align-justify\">Record\u00f3 que toda obra nueva tiene un tiempo de ajustes y por menores, por lo que emitir un juicio sobre el Tren Maya a unos d\u00edas de su inauguraci\u00f3n es prematuro, habr\u00e1 que esperar unos meses.<\/p>\n<p class=\"ql-align-justify\">Sin embargo, dijo que todos los proyectos que detonan la econom\u00eda en la zona son bienvenidos y vistos con buenos ojos por el sector empresarial.<\/p>\n","protected":false},"excerpt":{"rendered":"<p>Tras la inauguraci\u00f3n de un tramo del Tren Maya, y ante los comentarios de que es un medio de transporte lento, Pablo Alcocer G\u00f3ngora, Presidente del Consejo Coordinador Empresarial de la Rivera Maya, dijo que hay que darle un tiempo antes de emitir un juicio Record\u00f3 que toda obra nueva tiene un tiempo de ajustes [&hellip;]<\/p>\n","protected":false},"author":1,"featured_media":30815,"comment_status":"open","ping_status":"closed","sticky":false,"template":"","format":"standard","meta":{"footnotes":""},"categories":[4],"tags":[],"class_list":["post-30813","post","type-post","status-publish","format-standard","has-post-thumbnail","hentry","category-local"],"_links":{"self":[{"href":"https:\/\/solidaridadnews.com\/index.php?rest_route=\/wp\/v2\/posts\/30813","targetHints":{"allow":["GET"]}}],"collection":[{"href":"https:\/\/solidaridadnews.com\/index.php?rest_route=\/wp\/v2\/posts"}],"about":[{"href":"https:\/\/solidaridadnews.com\/index.php?rest_route=\/wp\/v2\/types\/post"}],"author":[{"embeddable":true,"href":"https:\/\/solidaridadnews.com\/index.php?rest_route=\/wp\/v2\/users\/1"}],"replies":[{"embeddable":true,"href":"https:\/\/solidaridadnews.com\/index.php?rest_route=%2Fwp%2Fv2%2Fcomments&post=30813"}],"version-history":[{"count":1,"href":"https:\/\/solidaridadnews.com\/index.php?rest_route=\/wp\/v2\/posts\/30813\/revisions"}],"predecessor-version":[{"id":30814,"href":"https:\/\/solidaridadnews.com\/index.php?rest_route=\/wp\/v2\/posts\/30813\/revisions\/30814"}],"wp:featuredmedia":[{"embeddable":true,"href":"https:\/\/solidaridadnews.com\/index.php?rest_route=\/wp\/v2\/media\/30815"}],"wp:attachment":[{"href":"https:\/\/solidaridadnews.com\/index.php?rest_route=%2Fwp%2Fv2%2Fmedia&parent=30813"}],"wp:term":[{"taxonomy":"category","embeddable":true,"href":"https:\/\/solidaridadnews.com\/index.php?rest_route=%2Fwp%2Fv2%2Fcategories&post=30813"},{"taxonomy":"post_tag","embeddable":true,"href":"https:\/\/solidaridadnews.com\/index.php?rest_route=%2Fwp%2Fv2%2Ftags&post=30813"}],"curies":[{"name":"wp","href":"https:\/\/api.w.org\/{rel}","templated":true}]}}