{"id":30810,"date":"2023-12-19T12:49:10","date_gmt":"2023-12-19T17:49:10","guid":{"rendered":"https:\/\/solidaridadnews.com\/?p=30810"},"modified":"2023-12-19T17:49:11","modified_gmt":"2023-12-19T17:49:11","slug":"inaugura-lili-campos-villa-navidena-en-playa-del-carmen","status":"publish","type":"post","link":"https:\/\/solidaridadnews.com\/?p=30810","title":{"rendered":"Inaugura Lili Campos villa navide\u00f1a en Playa del Carmen"},"content":{"rendered":"<p>\u2022 Un espacio familiar para disfrutar del ambiente navide\u00f1o, con grandes y novedosos atractivos que estar\u00e1 abierto a partir de hoy hasta el 7 de enero pr\u00f3ximo<\/p>\n<p>Con el canto de la letan\u00eda de la posada y acompa\u00f1ada del coro de adultos mayores, la presidenta municipal Lili Campos cort\u00f3 el list\u00f3n inaugural de la villa navide\u00f1a ubicada en el recinto ferial de la avenida CTM.<\/p>\n<div>\n<div class=\"penci-custom-html-inside-content\"><\/div>\n<\/div>\n<p>Acompa\u00f1ada de tres mil asistentes, as\u00ed como de directores y secretarios, la alcaldesa invit\u00f3 a las y los solidarenses a disfrutar de esta villa navide\u00f1a que estar\u00e1 hasta el 7 de enero del 2024. \u201cVengan a esta feria a disfrutar en compa\u00f1\u00eda de sus familias donde la entrada es completamente gratuita, as\u00ed como las amenidades\u201d dijo Lili Campos.<\/p>\n<p>La presidenta a\u00f1adi\u00f3 que la villa navide\u00f1a estar\u00e1 abierta de 5 de la tarde a 11 de la noche, en donde chicos y grandes podr\u00e1n disfrutar de espect\u00e1culos art\u00edsticos as\u00ed como de la pista de hielo, circo de hielo, tobog\u00e1n de hielo. \u201cContar\u00e1 con un taller de elaboraci\u00f3n de botas navide\u00f1as, entre otras amenidades que nos va a permitir disfrutar y pasar un rato agradable con nuestras familias\u201d.<\/p>\n<p>Asimismo, el secretario de Desarrollo Econ\u00f3mico y Atracci\u00f3n de Inversiones, Ra\u00fal Aguilar manifest\u00f3 que se les abri\u00f3 el espacio a 60 comerciantes entre los de Plaza Playa, De Mujer a Mujer, Bazar Juvenil, IMCAS, entre otros, con el fin de incentivar la econom\u00eda familiar.<\/p>\n","protected":false},"excerpt":{"rendered":"<p>\u2022 Un espacio familiar para disfrutar del ambiente navide\u00f1o, con grandes y novedosos atractivos que estar\u00e1 abierto a partir de hoy hasta el 7 de enero pr\u00f3ximo Con el canto de la letan\u00eda de la posada y acompa\u00f1ada del coro de adultos mayores, la presidenta municipal Lili Campos cort\u00f3 el list\u00f3n inaugural de la villa [&hellip;]<\/p>\n","protected":false},"author":1,"featured_media":30812,"comment_status":"open","ping_status":"closed","sticky":false,"template":"","format":"standard","meta":{"footnotes":""},"categories":[4],"tags":[],"class_list":["post-30810","post","type-post","status-publish","format-standard","has-post-thumbnail","hentry","category-local"],"_links":{"self":[{"href":"https:\/\/solidaridadnews.com\/index.php?rest_route=\/wp\/v2\/posts\/30810","targetHints":{"allow":["GET"]}}],"collection":[{"href":"https:\/\/solidaridadnews.com\/index.php?rest_route=\/wp\/v2\/posts"}],"about":[{"href":"https:\/\/solidaridadnews.com\/index.php?rest_route=\/wp\/v2\/types\/post"}],"author":[{"embeddable":true,"href":"https:\/\/solidaridadnews.com\/index.php?rest_route=\/wp\/v2\/users\/1"}],"replies":[{"embeddable":true,"href":"https:\/\/solidaridadnews.com\/index.php?rest_route=%2Fwp%2Fv2%2Fcomments&post=30810"}],"version-history":[{"count":1,"href":"https:\/\/solidaridadnews.com\/index.php?rest_route=\/wp\/v2\/posts\/30810\/revisions"}],"predecessor-version":[{"id":30811,"href":"https:\/\/solidaridadnews.com\/index.php?rest_route=\/wp\/v2\/posts\/30810\/revisions\/30811"}],"wp:featuredmedia":[{"embeddable":true,"href":"https:\/\/solidaridadnews.com\/index.php?rest_route=\/wp\/v2\/media\/30812"}],"wp:attachment":[{"href":"https:\/\/solidaridadnews.com\/index.php?rest_route=%2Fwp%2Fv2%2Fmedia&parent=30810"}],"wp:term":[{"taxonomy":"category","embeddable":true,"href":"https:\/\/solidaridadnews.com\/index.php?rest_route=%2Fwp%2Fv2%2Fcategories&post=30810"},{"taxonomy":"post_tag","embeddable":true,"href":"https:\/\/solidaridadnews.com\/index.php?rest_route=%2Fwp%2Fv2%2Ftags&post=30810"}],"curies":[{"name":"wp","href":"https:\/\/api.w.org\/{rel}","templated":true}]}}