{"id":30771,"date":"2023-12-18T12:03:32","date_gmt":"2023-12-18T17:03:32","guid":{"rendered":"https:\/\/solidaridadnews.com\/?p=30771"},"modified":"2023-12-18T17:03:33","modified_gmt":"2023-12-18T17:03:33","slug":"continua-reforestacion-de-camellon-central-del-tramo-carretero-en-solidaridad","status":"publish","type":"post","link":"https:\/\/solidaridadnews.com\/?p=30771","title":{"rendered":"Contin\u00faa reforestaci\u00f3n de camell\u00f3n central del tramo carretero en Solidaridad"},"content":{"rendered":"<p>El camell\u00f3n central de la carretera federal 307, en los tramos de la geograf\u00eda de Solidaridad se han trasplantado 214 \u00e1rboles adultos y m\u00e1s de 19 mil 400 plantas de ornato mismas que han sido rescatadas como parte de la normativa ambiental municipal inform\u00f3 la directora de Gesti\u00f3n Ambiental y Cambio Clim\u00e1tico, Lucely Ramos Montejo.<\/p>\n<p>Asimismo, se\u00f1al\u00f3 que adem\u00e1s se han rehabilitado 52 zonas urbanas en temas de restauraci\u00f3n vegetal con \u00e1rboles juveniles y ornamentales.<\/p>\n<p>\u201cHemos trasplantado \u00e1rboles adultos a trav\u00e9s del proyecto \u201cRescatando Vidas\u201d, tenemos ya casi 214 \u00e1rboles adultos que se han llevado al camell\u00f3n de la carreta, entre ceibas, palma real, maculi, caobas y ornamentales, ya tenemos 19 mil 458 \u00e1rboles que est\u00e1n en la carretera federal\u201d, explic\u00f3.<\/p>\n<p>\u201cEsto independientemente a las zonas urbanas, que ya se han, pr\u00e1cticamente rehabilitado como 52 sitios en la zona urbana en temas del proyecto de restauraci\u00f3n vegetal donde se han colocado \u00e1rboles, juveniles y ornamentales\u201d, a\u00f1adi\u00f3.<\/p>\n<p>Lucely Ramos explic\u00f3 que en coordinaci\u00f3n con el Fondo Nacional Para el Turismo tambi\u00e9n se arborizaron las zonas de Punta Maroma y Canai.<\/p>\n","protected":false},"excerpt":{"rendered":"<p>El camell\u00f3n central de la carretera federal 307, en los tramos de la geograf\u00eda de Solidaridad se han trasplantado 214 \u00e1rboles adultos y m\u00e1s de 19 mil 400 plantas de ornato mismas que han sido rescatadas como parte de la normativa ambiental municipal inform\u00f3 la directora de Gesti\u00f3n Ambiental y Cambio Clim\u00e1tico, Lucely Ramos Montejo. [&hellip;]<\/p>\n","protected":false},"author":1,"featured_media":30773,"comment_status":"open","ping_status":"closed","sticky":false,"template":"","format":"standard","meta":{"footnotes":""},"categories":[4],"tags":[],"class_list":["post-30771","post","type-post","status-publish","format-standard","has-post-thumbnail","hentry","category-local"],"_links":{"self":[{"href":"https:\/\/solidaridadnews.com\/index.php?rest_route=\/wp\/v2\/posts\/30771","targetHints":{"allow":["GET"]}}],"collection":[{"href":"https:\/\/solidaridadnews.com\/index.php?rest_route=\/wp\/v2\/posts"}],"about":[{"href":"https:\/\/solidaridadnews.com\/index.php?rest_route=\/wp\/v2\/types\/post"}],"author":[{"embeddable":true,"href":"https:\/\/solidaridadnews.com\/index.php?rest_route=\/wp\/v2\/users\/1"}],"replies":[{"embeddable":true,"href":"https:\/\/solidaridadnews.com\/index.php?rest_route=%2Fwp%2Fv2%2Fcomments&post=30771"}],"version-history":[{"count":1,"href":"https:\/\/solidaridadnews.com\/index.php?rest_route=\/wp\/v2\/posts\/30771\/revisions"}],"predecessor-version":[{"id":30772,"href":"https:\/\/solidaridadnews.com\/index.php?rest_route=\/wp\/v2\/posts\/30771\/revisions\/30772"}],"wp:featuredmedia":[{"embeddable":true,"href":"https:\/\/solidaridadnews.com\/index.php?rest_route=\/wp\/v2\/media\/30773"}],"wp:attachment":[{"href":"https:\/\/solidaridadnews.com\/index.php?rest_route=%2Fwp%2Fv2%2Fmedia&parent=30771"}],"wp:term":[{"taxonomy":"category","embeddable":true,"href":"https:\/\/solidaridadnews.com\/index.php?rest_route=%2Fwp%2Fv2%2Fcategories&post=30771"},{"taxonomy":"post_tag","embeddable":true,"href":"https:\/\/solidaridadnews.com\/index.php?rest_route=%2Fwp%2Fv2%2Ftags&post=30771"}],"curies":[{"name":"wp","href":"https:\/\/api.w.org\/{rel}","templated":true}]}}