{"id":30762,"date":"2023-12-18T12:00:17","date_gmt":"2023-12-18T17:00:17","guid":{"rendered":"https:\/\/solidaridadnews.com\/?p=30762"},"modified":"2023-12-18T17:00:18","modified_gmt":"2023-12-18T17:00:18","slug":"playa-del-carmen-se-desploma-arbol-sobre-dos-vehiculos-estacionados","status":"publish","type":"post","link":"https:\/\/solidaridadnews.com\/?p=30762","title":{"rendered":"PLAYA DEL CARMEN: Se desploma \u00e1rbol sobre dos veh\u00edculos estacionados"},"content":{"rendered":"<p>Un \u00e1rbol podido termin\u00f3 por vencerse y da\u00f1ar a dos autos, uno de ellos un taxi, que se encontraban estacionados en el\u00a0<strong>fraccionamiento Misi\u00f3n del Carmen de esta ciudad.<\/strong><\/p>\n<p>Estos hechos ocurrieron poco despu\u00e9s del mediod\u00eda, en el cruce de las calles Misi\u00f3n de las Capuchinas y Misi\u00f3n del Castillo.<\/p>\n<p>Hasta esta zona arribaron agentes polic\u00edacos, as\u00ed como elementos de Protecci\u00f3n Civil, quienes reportaron da\u00f1os en los autos mencionados, aunque no tan severos.<\/p>\n<p>El auto m\u00e1s afectado fue un taxi del sindicato \u201cL\u00e1zaro C\u00e1rdenas del R\u00edo\u201d, con n\u00famero econ\u00f3mico E-139, el cual result\u00f3 con afectaciones en el techo.<\/p>\n<p><strong>Por fortuna, ninguna persona pasaba por la zona\u00a0<\/strong>ni tripulaba dichos veh\u00edculos, por lo que no fue necesaria la asistencia de param\u00e9dicos particulares.<\/p>\n<p>Finalmente, personal de Protecci\u00f3n Civil se encarg\u00f3 de retirar este \u00e1rbol que ya se encontraba podrido desde hace\u00a0varios\u00a0meses.<\/p>\n","protected":false},"excerpt":{"rendered":"<p>Un \u00e1rbol podido termin\u00f3 por vencerse y da\u00f1ar a dos autos, uno de ellos un taxi, que se encontraban estacionados en el\u00a0fraccionamiento Misi\u00f3n del Carmen de esta ciudad. Estos hechos ocurrieron poco despu\u00e9s del mediod\u00eda, en el cruce de las calles Misi\u00f3n de las Capuchinas y Misi\u00f3n del Castillo. Hasta esta zona arribaron agentes polic\u00edacos, [&hellip;]<\/p>\n","protected":false},"author":1,"featured_media":30764,"comment_status":"open","ping_status":"closed","sticky":false,"template":"","format":"standard","meta":{"footnotes":""},"categories":[4],"tags":[],"class_list":["post-30762","post","type-post","status-publish","format-standard","has-post-thumbnail","hentry","category-local"],"_links":{"self":[{"href":"https:\/\/solidaridadnews.com\/index.php?rest_route=\/wp\/v2\/posts\/30762","targetHints":{"allow":["GET"]}}],"collection":[{"href":"https:\/\/solidaridadnews.com\/index.php?rest_route=\/wp\/v2\/posts"}],"about":[{"href":"https:\/\/solidaridadnews.com\/index.php?rest_route=\/wp\/v2\/types\/post"}],"author":[{"embeddable":true,"href":"https:\/\/solidaridadnews.com\/index.php?rest_route=\/wp\/v2\/users\/1"}],"replies":[{"embeddable":true,"href":"https:\/\/solidaridadnews.com\/index.php?rest_route=%2Fwp%2Fv2%2Fcomments&post=30762"}],"version-history":[{"count":1,"href":"https:\/\/solidaridadnews.com\/index.php?rest_route=\/wp\/v2\/posts\/30762\/revisions"}],"predecessor-version":[{"id":30763,"href":"https:\/\/solidaridadnews.com\/index.php?rest_route=\/wp\/v2\/posts\/30762\/revisions\/30763"}],"wp:featuredmedia":[{"embeddable":true,"href":"https:\/\/solidaridadnews.com\/index.php?rest_route=\/wp\/v2\/media\/30764"}],"wp:attachment":[{"href":"https:\/\/solidaridadnews.com\/index.php?rest_route=%2Fwp%2Fv2%2Fmedia&parent=30762"}],"wp:term":[{"taxonomy":"category","embeddable":true,"href":"https:\/\/solidaridadnews.com\/index.php?rest_route=%2Fwp%2Fv2%2Fcategories&post=30762"},{"taxonomy":"post_tag","embeddable":true,"href":"https:\/\/solidaridadnews.com\/index.php?rest_route=%2Fwp%2Fv2%2Ftags&post=30762"}],"curies":[{"name":"wp","href":"https:\/\/api.w.org\/{rel}","templated":true}]}}