{"id":30750,"date":"2023-12-18T11:39:37","date_gmt":"2023-12-18T16:39:37","guid":{"rendered":"https:\/\/solidaridadnews.com\/?p=30750"},"modified":"2023-12-18T16:39:53","modified_gmt":"2023-12-18T16:39:53","slug":"peso-pluma-protagoniza-controversial-momento-en-ecuador-al-arrojar-una-pantalla-en-pleno-concierto","status":"publish","type":"post","link":"https:\/\/solidaridadnews.com\/?p=30750","title":{"rendered":"Peso Pluma protagoniza controversial momento en Ecuador al arrojar una pantalla en pleno concierto"},"content":{"rendered":"<div class=\"row\">\n<div class=\"col-sm-xl-12 layout-section wrap-bottom promo1\">\n<h4 class=\"primary-font__PrimaryFontStyles-o56yd5-0 ctbcAa h4-primary sub-headline\" style=\"text-align: center;\">Pol\u00e9mico incidente durante concierto<\/h4>\n<p class=\"default__StyledText-xb1qmn-0 gPlaKG body-paragraph\">El reconocido cantante\u00a0Peso Pluma\u00a0ha sido el centro de atenci\u00f3n una vez m\u00e1s despu\u00e9s de protagonizar un pol\u00e9mico incidente durante uno de sus conciertos en Ecuador.<\/p>\n<p class=\"default__StyledText-xb1qmn-0 gPlaKG body-paragraph\">Durante su gira \u201cLa Doble P\u201d, el artista sorprendi\u00f3 a su audiencia al tomar uno de los monitores del escenario y lanzarlo hacia el p\u00fablico. El incidente ocurri\u00f3 mientras el cantante se encontraba en plena actuaci\u00f3n, interpretando sus canciones frente a sus fan\u00e1ticos.<\/p>\n<p class=\"default__StyledText-xb1qmn-0 gPlaKG body-paragraph\">Estos monitores son utilizados por los cantantes para seguir el desarrollo de las canciones y mostrar las letras en caso de olvidar alguna parte de la letra.<\/p>\n<p class=\"default__StyledText-xb1qmn-0 gPlaKG body-paragraph\">Sin embargo, en este caso, Peso Pluma pareci\u00f3 perder el control de sus acciones y opt\u00f3 por arrojar el monitor hacia el p\u00fablico. Afortunadamente, la pantalla cay\u00f3 en la zona de las vallas de seguridad, evitando as\u00ed causar alg\u00fan da\u00f1o a los asistentes.<\/p>\n<p class=\"default__StyledText-xb1qmn-0 gPlaKG body-paragraph\">El video del incidente gener\u00f3 una fuerte reacci\u00f3n entre los usuarios de las redes sociales. Muchos de ellos criticaron duramente el comportamiento del cantante, se\u00f1alando que no hab\u00eda motivo para arrojar o patear el monitor despu\u00e9s de tropezar con \u00e9l.<\/p>\n<p class=\"default__StyledText-xb1qmn-0 gPlaKG body-paragraph\">Algunos internautas tambi\u00e9n relacionaron este comportamiento con incidentes anteriores en conciertos anteriores del artista Mexicano en Argentina, donde el cantante retrocede hacia una parte del escenario y parece tomar o inhalar una sustancia.<\/p>\n<h2 class=\"heading__StyledHeading-sc-5jxglz-0 dczYPG\">Reacci\u00f3n del p\u00fablico en redes sociales<\/h2>\n<ul class=\"list__StyledUnorderedList-sc-1wwq737-2 kbLvYV\">\n<li class=\"list__StyledListItem-sc-1wwq737-0 dXZtHa\">@Jany Berber: los que nunca an ido a sus conciertos! asi son mmm es bien efusivo\ud83d\ude0c\ud83d\ude0c<\/li>\n<li class=\"list__StyledListItem-sc-1wwq737-0 dXZtHa\">@rena\u2764\ufe0f\ud83e\udd77\ud83c\udffb\ud83d\udcaf: uy dios respeten a @Peso Pluma, fue a tomar agua,no digan esas pelotudeces,dejen de decir esas cosas de el,basta,no ganan nada con esto<\/li>\n<li class=\"list__StyledListItem-sc-1wwq737-0 dXZtHa\">@Raul Gordillo: Casi todos lo hacen, mala fortuna qu\u00e9 lo grabaron, eso es lo que ocurre da dejen qu\u00e9 andar de chismes<\/li>\n<li class=\"list__StyledListItem-sc-1wwq737-0 dXZtHa\">@7\/12\/2023\u2764\ufe0f\u200d\ud83e\ude79\ud83d\udd78\ud83d\udd77:@Peso Pluma solo se puso agua en la boca para refrescar las cuerdas vocales y poder cantar todo el concierto \ud83d\ude11<\/li>\n<li class=\"list__StyledListItem-sc-1wwq737-0 dXZtHa\">@ratoncito a: si hubiera hecho eso, no creen que se hubiera limpiado la nariz \ud83d\udc43 \ud83e\udd37 \ud83e\udd14 \ud83d\ude44<\/li>\n<\/ul>\n<\/div>\n<\/div>\n<div class=\"row\">\n<article class=\"col-sm-md-12 col-lg-xl-8 left-article-section ie-flex-100-percent-sm layout-section main1\">\n<figure class=\"lead-art-wrapper\">\n<div><picture class=\"Image__StyledPicture-sc-8yioqf-0 iKCNis\"><source srcset=\"https:\/\/www.publimetro.com.mx\/resizer\/gsGbS6YK2PB1t8WCPHfInTKHYKs=\/800x0\/filters:format(jpg):quality(70)\/cloudfront-us-east-1.images.arcpublishing.com\/metroworldnews\/LOPASLTAFZC3ZJT2FKVL6RJ2FA.jpg\" media=\"screen and (min-width: 992px)\" \/><source srcset=\"https:\/\/www.publimetro.com.mx\/resizer\/gsGbS6YK2PB1t8WCPHfInTKHYKs=\/800x0\/filters:format(jpg):quality(70)\/cloudfront-us-east-1.images.arcpublishing.com\/metroworldnews\/LOPASLTAFZC3ZJT2FKVL6RJ2FA.jpg\" media=\"screen and (min-width: 768px)\" \/><source srcset=\"https:\/\/www.publimetro.com.mx\/resizer\/gsGbS6YK2PB1t8WCPHfInTKHYKs=\/800x0\/filters:format(jpg):quality(70)\/cloudfront-us-east-1.images.arcpublishing.com\/metroworldnews\/LOPASLTAFZC3ZJT2FKVL6RJ2FA.jpg\" media=\"screen and (min-width: 0px)\" \/><\/picture><\/div>\n<\/figure>\n<\/article>\n<\/div>\n","protected":false},"excerpt":{"rendered":"<p>Pol\u00e9mico incidente durante concierto El reconocido cantante\u00a0Peso Pluma\u00a0ha sido el centro de atenci\u00f3n una vez m\u00e1s despu\u00e9s de protagonizar un pol\u00e9mico incidente durante uno de sus conciertos en Ecuador. Durante su gira \u201cLa Doble P\u201d, el artista sorprendi\u00f3 a su audiencia al tomar uno de los monitores del escenario y lanzarlo hacia el p\u00fablico. El [&hellip;]<\/p>\n","protected":false},"author":1,"featured_media":30752,"comment_status":"open","ping_status":"closed","sticky":false,"template":"","format":"standard","meta":{"footnotes":""},"categories":[3],"tags":[],"class_list":["post-30750","post","type-post","status-publish","format-standard","has-post-thumbnail","hentry","category-espectaculos"],"_links":{"self":[{"href":"https:\/\/solidaridadnews.com\/index.php?rest_route=\/wp\/v2\/posts\/30750","targetHints":{"allow":["GET"]}}],"collection":[{"href":"https:\/\/solidaridadnews.com\/index.php?rest_route=\/wp\/v2\/posts"}],"about":[{"href":"https:\/\/solidaridadnews.com\/index.php?rest_route=\/wp\/v2\/types\/post"}],"author":[{"embeddable":true,"href":"https:\/\/solidaridadnews.com\/index.php?rest_route=\/wp\/v2\/users\/1"}],"replies":[{"embeddable":true,"href":"https:\/\/solidaridadnews.com\/index.php?rest_route=%2Fwp%2Fv2%2Fcomments&post=30750"}],"version-history":[{"count":1,"href":"https:\/\/solidaridadnews.com\/index.php?rest_route=\/wp\/v2\/posts\/30750\/revisions"}],"predecessor-version":[{"id":30751,"href":"https:\/\/solidaridadnews.com\/index.php?rest_route=\/wp\/v2\/posts\/30750\/revisions\/30751"}],"wp:featuredmedia":[{"embeddable":true,"href":"https:\/\/solidaridadnews.com\/index.php?rest_route=\/wp\/v2\/media\/30752"}],"wp:attachment":[{"href":"https:\/\/solidaridadnews.com\/index.php?rest_route=%2Fwp%2Fv2%2Fmedia&parent=30750"}],"wp:term":[{"taxonomy":"category","embeddable":true,"href":"https:\/\/solidaridadnews.com\/index.php?rest_route=%2Fwp%2Fv2%2Fcategories&post=30750"},{"taxonomy":"post_tag","embeddable":true,"href":"https:\/\/solidaridadnews.com\/index.php?rest_route=%2Fwp%2Fv2%2Ftags&post=30750"}],"curies":[{"name":"wp","href":"https:\/\/api.w.org\/{rel}","templated":true}]}}