{"id":30735,"date":"2023-12-16T11:37:25","date_gmt":"2023-12-16T16:37:25","guid":{"rendered":"https:\/\/solidaridadnews.com\/?p=30735"},"modified":"2023-12-16T16:37:26","modified_gmt":"2023-12-16T16:37:26","slug":"ninos-y-ninas-disfrutan-del-festival-navideno-del-dif-solidaridad","status":"publish","type":"post","link":"https:\/\/solidaridadnews.com\/?p=30735","title":{"rendered":"Ni\u00f1os y ni\u00f1as disfrutan del festival navide\u00f1o del DIF Solidaridad"},"content":{"rendered":"<p>En el marco de las actividades para fomentar la sana convivencia e integraci\u00f3n familiar, el Gobierno de Solidaridad, que encabeza la presidenta Lili Campos, a trav\u00e9s del DIF Municipal, llev\u00f3 a cabo el festival \u201cUn sue\u00f1o navide\u00f1o a trav\u00e9s del mundo\u201d, con la<br \/>\nparticipaci\u00f3n de las ni\u00f1as y ni\u00f1os de los CADI, Centro de Rehabilitaci\u00f3n Integral Municipal (CRIM) y el programa educativo 10-17.<\/p>\n<p>El presidente honorario del DIF Municipal, el Dr. Cuauht\u00e9moc Escobedo Campos, expres\u00f3 que el mejor orgullo que pueden tener los padres es ver a sus hijos felices y sanos, y que gracias a la buena voluntad de la presidenta municipal hoy existen varios programas enfocados a fortalecer la base de la sociedad.<\/p>\n<div class=\"stream-item stream-item-in-post stream-item-inline-post aligncenter\"><\/div>\n<p>Por ello, se mantienen abiertos los CADI en Puerto Aventuras y Playa del Carmen, con acceso a educaci\u00f3n integral, desde maternal a preescolar; el CRIM, que da rehabilitaci\u00f3n y servicios de salud a personas con discapacidad; y el Programa de Atenci\u00f3n a Menores y Adolescentes en Riesgo (PAMAR).<\/p>\n<p>Por su parte, la directora general del DIF, Adriana Cazales Dur\u00e1n agradeci\u00f3 a las mam\u00e1s y pap\u00e1s presentes por su compromiso y disponibilidad para estar presentes en el desarrollo de sus hijos, contribuyendo a su sano desarrollo.<\/p>\n<p>El festival navide\u00f1o se llev\u00f3 a cabo en el anfiteatro del Sistema para el Desarrollo Integral de la Familia, con la presentaci\u00f3n de una obra de teatro que incluy\u00f3 un recorrido musical por Estados Unidos, Per\u00fa, Italia, India y M\u00e9xico.<\/p>\n","protected":false},"excerpt":{"rendered":"<p>En el marco de las actividades para fomentar la sana convivencia e integraci\u00f3n familiar, el Gobierno de Solidaridad, que encabeza la presidenta Lili Campos, a trav\u00e9s del DIF Municipal, llev\u00f3 a cabo el festival \u201cUn sue\u00f1o navide\u00f1o a trav\u00e9s del mundo\u201d, con la participaci\u00f3n de las ni\u00f1as y ni\u00f1os de los CADI, Centro de Rehabilitaci\u00f3n [&hellip;]<\/p>\n","protected":false},"author":1,"featured_media":30737,"comment_status":"open","ping_status":"closed","sticky":false,"template":"","format":"standard","meta":{"footnotes":""},"categories":[4],"tags":[],"class_list":["post-30735","post","type-post","status-publish","format-standard","has-post-thumbnail","hentry","category-local"],"_links":{"self":[{"href":"https:\/\/solidaridadnews.com\/index.php?rest_route=\/wp\/v2\/posts\/30735","targetHints":{"allow":["GET"]}}],"collection":[{"href":"https:\/\/solidaridadnews.com\/index.php?rest_route=\/wp\/v2\/posts"}],"about":[{"href":"https:\/\/solidaridadnews.com\/index.php?rest_route=\/wp\/v2\/types\/post"}],"author":[{"embeddable":true,"href":"https:\/\/solidaridadnews.com\/index.php?rest_route=\/wp\/v2\/users\/1"}],"replies":[{"embeddable":true,"href":"https:\/\/solidaridadnews.com\/index.php?rest_route=%2Fwp%2Fv2%2Fcomments&post=30735"}],"version-history":[{"count":1,"href":"https:\/\/solidaridadnews.com\/index.php?rest_route=\/wp\/v2\/posts\/30735\/revisions"}],"predecessor-version":[{"id":30736,"href":"https:\/\/solidaridadnews.com\/index.php?rest_route=\/wp\/v2\/posts\/30735\/revisions\/30736"}],"wp:featuredmedia":[{"embeddable":true,"href":"https:\/\/solidaridadnews.com\/index.php?rest_route=\/wp\/v2\/media\/30737"}],"wp:attachment":[{"href":"https:\/\/solidaridadnews.com\/index.php?rest_route=%2Fwp%2Fv2%2Fmedia&parent=30735"}],"wp:term":[{"taxonomy":"category","embeddable":true,"href":"https:\/\/solidaridadnews.com\/index.php?rest_route=%2Fwp%2Fv2%2Fcategories&post=30735"},{"taxonomy":"post_tag","embeddable":true,"href":"https:\/\/solidaridadnews.com\/index.php?rest_route=%2Fwp%2Fv2%2Ftags&post=30735"}],"curies":[{"name":"wp","href":"https:\/\/api.w.org\/{rel}","templated":true}]}}