{"id":30732,"date":"2023-12-16T11:36:13","date_gmt":"2023-12-16T16:36:13","guid":{"rendered":"https:\/\/solidaridadnews.com\/?p=30732"},"modified":"2023-12-16T16:36:15","modified_gmt":"2023-12-16T16:36:15","slug":"autorizan-reestructurar-deuda-publica-de-solidaridad-de-500-millones-de-pesos","status":"publish","type":"post","link":"https:\/\/solidaridadnews.com\/?p=30732","title":{"rendered":"Autorizan reestructurar deuda p\u00fablica de Solidaridad de 500 millones de pesos"},"content":{"rendered":"<p class=\"ql-align-justify\">El Ayuntamiento acuerda reestructurar la actual deuda p\u00fablica municipal, misma que supera los 500 millones de pesos a pagarse hasta el 2023.<\/p>\n<p class=\"ql-align-justify\">Al respecto, la presidenta municipal de solidaridad, Lili Campos Miranda, coment\u00f3 que la restructuraci\u00f3n consiste en reducir la taza de inter\u00e9s del 2.5 al 1 %, lo generar\u00e1 alrededor de 3 millones de pesos mensuales de saldo a favor del municipio, recursos que ser\u00e1n destinados a programas sociales.<\/p>\n","protected":false},"excerpt":{"rendered":"<p>El Ayuntamiento acuerda reestructurar la actual deuda p\u00fablica municipal, misma que supera los 500 millones de pesos a pagarse hasta el 2023. Al respecto, la presidenta municipal de solidaridad, Lili Campos Miranda, coment\u00f3 que la restructuraci\u00f3n consiste en reducir la taza de inter\u00e9s del 2.5 al 1 %, lo generar\u00e1 alrededor de 3 millones de [&hellip;]<\/p>\n","protected":false},"author":1,"featured_media":30734,"comment_status":"open","ping_status":"closed","sticky":false,"template":"","format":"standard","meta":{"footnotes":""},"categories":[4],"tags":[],"class_list":["post-30732","post","type-post","status-publish","format-standard","has-post-thumbnail","hentry","category-local"],"_links":{"self":[{"href":"https:\/\/solidaridadnews.com\/index.php?rest_route=\/wp\/v2\/posts\/30732","targetHints":{"allow":["GET"]}}],"collection":[{"href":"https:\/\/solidaridadnews.com\/index.php?rest_route=\/wp\/v2\/posts"}],"about":[{"href":"https:\/\/solidaridadnews.com\/index.php?rest_route=\/wp\/v2\/types\/post"}],"author":[{"embeddable":true,"href":"https:\/\/solidaridadnews.com\/index.php?rest_route=\/wp\/v2\/users\/1"}],"replies":[{"embeddable":true,"href":"https:\/\/solidaridadnews.com\/index.php?rest_route=%2Fwp%2Fv2%2Fcomments&post=30732"}],"version-history":[{"count":1,"href":"https:\/\/solidaridadnews.com\/index.php?rest_route=\/wp\/v2\/posts\/30732\/revisions"}],"predecessor-version":[{"id":30733,"href":"https:\/\/solidaridadnews.com\/index.php?rest_route=\/wp\/v2\/posts\/30732\/revisions\/30733"}],"wp:featuredmedia":[{"embeddable":true,"href":"https:\/\/solidaridadnews.com\/index.php?rest_route=\/wp\/v2\/media\/30734"}],"wp:attachment":[{"href":"https:\/\/solidaridadnews.com\/index.php?rest_route=%2Fwp%2Fv2%2Fmedia&parent=30732"}],"wp:term":[{"taxonomy":"category","embeddable":true,"href":"https:\/\/solidaridadnews.com\/index.php?rest_route=%2Fwp%2Fv2%2Fcategories&post=30732"},{"taxonomy":"post_tag","embeddable":true,"href":"https:\/\/solidaridadnews.com\/index.php?rest_route=%2Fwp%2Fv2%2Ftags&post=30732"}],"curies":[{"name":"wp","href":"https:\/\/api.w.org\/{rel}","templated":true}]}}