{"id":30710,"date":"2023-12-15T11:05:06","date_gmt":"2023-12-15T16:05:06","guid":{"rendered":"https:\/\/solidaridadnews.com\/?p=30710"},"modified":"2023-12-15T03:23:34","modified_gmt":"2023-12-15T03:23:34","slug":"secretaria-de-salud-solicitara-mas-presupuesto-para-el-2024","status":"publish","type":"post","link":"https:\/\/solidaridadnews.com\/?p=30710","title":{"rendered":"Secretaria de Salud solicitar\u00e1 m\u00e1s presupuesto para el 2024"},"content":{"rendered":"<p class=\"ql-align-justify\">La Secretaria de Salud est\u00e1 solicitando un incremento de 25 millones de pesos para el ejercicio del pr\u00f3ximo a\u00f1o, esto con la intenci\u00f3n de reforzar el n\u00famero de atenciones en los centros de atenci\u00f3n primaria, adem\u00e1s de mejorar la calidad y capacitaci\u00f3n de personal, as\u00ed como contrataci\u00f3n de m\u00e1s personal especializado, as\u00ed lo asegur\u00f3, Carlos Contreras Mejoradas, Secretario de Salud Municipal<\/p>\n<p class=\"ql-align-justify\">Indic\u00f3 que, aunque no se tiene planeada la construcci\u00f3n de nuevos Centros de Atenci\u00f3n Primaria, si se estar\u00e1 continuando y reforzando las brigadas de salud en las colonias y asentamientos humanos m\u00e1s retirados de la mancha urbana.<\/p>\n","protected":false},"excerpt":{"rendered":"<p>La Secretaria de Salud est\u00e1 solicitando un incremento de 25 millones de pesos para el ejercicio del pr\u00f3ximo a\u00f1o, esto con la intenci\u00f3n de reforzar el n\u00famero de atenciones en los centros de atenci\u00f3n primaria, adem\u00e1s de mejorar la calidad y capacitaci\u00f3n de personal, as\u00ed como contrataci\u00f3n de m\u00e1s personal especializado, as\u00ed lo asegur\u00f3, Carlos [&hellip;]<\/p>\n","protected":false},"author":1,"featured_media":30712,"comment_status":"open","ping_status":"closed","sticky":false,"template":"","format":"standard","meta":{"footnotes":""},"categories":[4],"tags":[],"class_list":["post-30710","post","type-post","status-publish","format-standard","has-post-thumbnail","hentry","category-local"],"_links":{"self":[{"href":"https:\/\/solidaridadnews.com\/index.php?rest_route=\/wp\/v2\/posts\/30710","targetHints":{"allow":["GET"]}}],"collection":[{"href":"https:\/\/solidaridadnews.com\/index.php?rest_route=\/wp\/v2\/posts"}],"about":[{"href":"https:\/\/solidaridadnews.com\/index.php?rest_route=\/wp\/v2\/types\/post"}],"author":[{"embeddable":true,"href":"https:\/\/solidaridadnews.com\/index.php?rest_route=\/wp\/v2\/users\/1"}],"replies":[{"embeddable":true,"href":"https:\/\/solidaridadnews.com\/index.php?rest_route=%2Fwp%2Fv2%2Fcomments&post=30710"}],"version-history":[{"count":1,"href":"https:\/\/solidaridadnews.com\/index.php?rest_route=\/wp\/v2\/posts\/30710\/revisions"}],"predecessor-version":[{"id":30711,"href":"https:\/\/solidaridadnews.com\/index.php?rest_route=\/wp\/v2\/posts\/30710\/revisions\/30711"}],"wp:featuredmedia":[{"embeddable":true,"href":"https:\/\/solidaridadnews.com\/index.php?rest_route=\/wp\/v2\/media\/30712"}],"wp:attachment":[{"href":"https:\/\/solidaridadnews.com\/index.php?rest_route=%2Fwp%2Fv2%2Fmedia&parent=30710"}],"wp:term":[{"taxonomy":"category","embeddable":true,"href":"https:\/\/solidaridadnews.com\/index.php?rest_route=%2Fwp%2Fv2%2Fcategories&post=30710"},{"taxonomy":"post_tag","embeddable":true,"href":"https:\/\/solidaridadnews.com\/index.php?rest_route=%2Fwp%2Fv2%2Ftags&post=30710"}],"curies":[{"name":"wp","href":"https:\/\/api.w.org\/{rel}","templated":true}]}}