{"id":30704,"date":"2023-12-15T11:05:17","date_gmt":"2023-12-15T16:05:17","guid":{"rendered":"https:\/\/solidaridadnews.com\/?p=30704"},"modified":"2023-12-15T03:21:49","modified_gmt":"2023-12-15T03:21:49","slug":"iniciara-la-primera-etapa-de-drenaje-de-la-colonia-cristo-rey","status":"publish","type":"post","link":"https:\/\/solidaridadnews.com\/?p=30704","title":{"rendered":"Iniciar\u00e1 la primera etapa de drenaje de la colonia Cristo Rey"},"content":{"rendered":"<p class=\"ql-align-justify\">La pr\u00f3xima semana arranca la primera etapa de drenaje de la colonia Cristo Rey al norponiente de la ciudad, con la entrada en funciones del c\u00e1rcamo, as\u00ed lo mencion\u00f3 Fabian Herrera Quiam, Subsecretario de Infraestructura y Obras P\u00fablicas.<\/p>\n<p class=\"ql-align-justify\">Dijo que ser\u00e1 el lunes la inauguraci\u00f3n oficial del c\u00e1rcamo y posteriormente, corresponder\u00e1 a la empresa Aguakan ir dotando de infraestructura y servicios de manera paulatina esta colonia.<\/p>\n<p class=\"ql-align-justify\">En cuanto a la inauguraci\u00f3n de la plaza p\u00fablica 28 de Julio, dijo que ser\u00e1 antes de que termine el a\u00f1o, explic\u00f3 que ya est\u00e1 finalizada la obra, sin embargo, faltan algunos tr\u00e1mites y acciones protocolarias.<\/p>\n","protected":false},"excerpt":{"rendered":"<p>La pr\u00f3xima semana arranca la primera etapa de drenaje de la colonia Cristo Rey al norponiente de la ciudad, con la entrada en funciones del c\u00e1rcamo, as\u00ed lo mencion\u00f3 Fabian Herrera Quiam, Subsecretario de Infraestructura y Obras P\u00fablicas. Dijo que ser\u00e1 el lunes la inauguraci\u00f3n oficial del c\u00e1rcamo y posteriormente, corresponder\u00e1 a la empresa Aguakan [&hellip;]<\/p>\n","protected":false},"author":1,"featured_media":30706,"comment_status":"open","ping_status":"closed","sticky":false,"template":"","format":"standard","meta":{"footnotes":""},"categories":[4],"tags":[],"class_list":["post-30704","post","type-post","status-publish","format-standard","has-post-thumbnail","hentry","category-local"],"_links":{"self":[{"href":"https:\/\/solidaridadnews.com\/index.php?rest_route=\/wp\/v2\/posts\/30704","targetHints":{"allow":["GET"]}}],"collection":[{"href":"https:\/\/solidaridadnews.com\/index.php?rest_route=\/wp\/v2\/posts"}],"about":[{"href":"https:\/\/solidaridadnews.com\/index.php?rest_route=\/wp\/v2\/types\/post"}],"author":[{"embeddable":true,"href":"https:\/\/solidaridadnews.com\/index.php?rest_route=\/wp\/v2\/users\/1"}],"replies":[{"embeddable":true,"href":"https:\/\/solidaridadnews.com\/index.php?rest_route=%2Fwp%2Fv2%2Fcomments&post=30704"}],"version-history":[{"count":1,"href":"https:\/\/solidaridadnews.com\/index.php?rest_route=\/wp\/v2\/posts\/30704\/revisions"}],"predecessor-version":[{"id":30705,"href":"https:\/\/solidaridadnews.com\/index.php?rest_route=\/wp\/v2\/posts\/30704\/revisions\/30705"}],"wp:featuredmedia":[{"embeddable":true,"href":"https:\/\/solidaridadnews.com\/index.php?rest_route=\/wp\/v2\/media\/30706"}],"wp:attachment":[{"href":"https:\/\/solidaridadnews.com\/index.php?rest_route=%2Fwp%2Fv2%2Fmedia&parent=30704"}],"wp:term":[{"taxonomy":"category","embeddable":true,"href":"https:\/\/solidaridadnews.com\/index.php?rest_route=%2Fwp%2Fv2%2Fcategories&post=30704"},{"taxonomy":"post_tag","embeddable":true,"href":"https:\/\/solidaridadnews.com\/index.php?rest_route=%2Fwp%2Fv2%2Ftags&post=30704"}],"curies":[{"name":"wp","href":"https:\/\/api.w.org\/{rel}","templated":true}]}}