{"id":30695,"date":"2023-12-14T22:19:02","date_gmt":"2023-12-15T03:19:02","guid":{"rendered":"https:\/\/solidaridadnews.com\/?p=30695"},"modified":"2023-12-15T03:19:03","modified_gmt":"2023-12-15T03:19:03","slug":"habra-juegos-mecanicos-gratis-para-todos-en-playa-del-carmen","status":"publish","type":"post","link":"https:\/\/solidaridadnews.com\/?p=30695","title":{"rendered":"Habr\u00e1 juegos mec\u00e1nicos gratis para todos en Playa del Carmen"},"content":{"rendered":"<div class=\"single-blog-content mt-30\">\n<h3 style=\"text-align: center;\">El beneficio estar\u00e1 disponible del 17 de diciembre y hasta el 7 de enero<\/h3>\n<p>Villa Navide\u00f1a que ya est\u00e1 preparando el gobierno municipal presidido por Lili Campos, evento lleno de alegr\u00eda y entretenimiento desde el 17 de diciembre hasta el 7 de enero. La feria se realizar\u00e1 en el recinto ubicado sobre la avenida CTM con avenida 75.<\/p>\n<p>Personal de las secretar\u00edas y direcciones de las diferentes \u00e1reas del gobierno municipal entregaron los boletos en las escuelas primarias y prescolares del municipio, lo que les permitir\u00e1n a los infantes disfrutar de los juegos mec\u00e1nicos totalmente gratuitos, una vez que sea inaugurado este tradicional evento.<\/p>\n<p>Durante la entrega, personal directivo y docentes de las instituciones escolares abrieron las puertas para que \u00e1reas como Protecci\u00f3n Civil, Instituto del Deporte, Seguridad P\u00fablica, Cultura, Secretar\u00eda General, entre otros, entregaran personalmente los boletos a los peque\u00f1os que por tercer a\u00f1o consecutivo podr\u00e1n acudir en familia y vivir esta experiencia sin costo alguno.<\/p>\n<p>Javier Basurto, director de Educaci\u00f3n, Desarrollo Humano y Bibliotecas P\u00fablicas, subray\u00f3 la importancia de llevarles hasta sus centros educativos las entradas y promover espacios recreativos que fortalezcan los lazos familiares. Cabe mencionar que la Villa Navide\u00f1a estar\u00e1 abierta a partir del 17 de diciembre hasta el 7 de enero, de las 5 de la tarde hasta las 11 de la noche.<\/p>\n<p><strong>Invitan a participar en el Show de Talentos de Navidad<\/strong><\/p>\n<p>El gobierno que preside Lili Campos, a trav\u00e9s del Instituto de la Juventud invita a participar a todos y todas en el Show de Talentos de Navidad, a realizarse el 15 de diciembre en el domo de la colonia 28 de Julio. Este evento, de talento y creatividad navide\u00f1a, contar\u00e1 con presentaciones libres, exhibiciones de m\u00fasica, baile o canto, con un premio econ\u00f3mico para los dos primeros lugares.<\/p>\n<p>La invitaci\u00f3n es para chicos y grandes, esperando una gran participaci\u00f3n del talento local, llenos de energ\u00eda y creatividad. Las presentaciones se llevar\u00e1n a cabo tras iniciar el evento, programado desde las 18 horas en el domo ubicado en la calle Cozumel, entre calle Tulum y calle Boca Paila. Para inscripciones y m\u00e1s detalles, pueden visitar las redes sociales del Instituto de la Juventud (@INJUVESOL) o comunicarse al WhatsApp 984 222 45 52.<\/p>\n<\/div>\n","protected":false},"excerpt":{"rendered":"<p>El beneficio estar\u00e1 disponible del 17 de diciembre y hasta el 7 de enero Villa Navide\u00f1a que ya est\u00e1 preparando el gobierno municipal presidido por Lili Campos, evento lleno de alegr\u00eda y entretenimiento desde el 17 de diciembre hasta el 7 de enero. La feria se realizar\u00e1 en el recinto ubicado sobre la avenida CTM [&hellip;]<\/p>\n","protected":false},"author":1,"featured_media":30697,"comment_status":"open","ping_status":"closed","sticky":false,"template":"","format":"standard","meta":{"footnotes":""},"categories":[4],"tags":[],"class_list":["post-30695","post","type-post","status-publish","format-standard","has-post-thumbnail","hentry","category-local"],"_links":{"self":[{"href":"https:\/\/solidaridadnews.com\/index.php?rest_route=\/wp\/v2\/posts\/30695","targetHints":{"allow":["GET"]}}],"collection":[{"href":"https:\/\/solidaridadnews.com\/index.php?rest_route=\/wp\/v2\/posts"}],"about":[{"href":"https:\/\/solidaridadnews.com\/index.php?rest_route=\/wp\/v2\/types\/post"}],"author":[{"embeddable":true,"href":"https:\/\/solidaridadnews.com\/index.php?rest_route=\/wp\/v2\/users\/1"}],"replies":[{"embeddable":true,"href":"https:\/\/solidaridadnews.com\/index.php?rest_route=%2Fwp%2Fv2%2Fcomments&post=30695"}],"version-history":[{"count":1,"href":"https:\/\/solidaridadnews.com\/index.php?rest_route=\/wp\/v2\/posts\/30695\/revisions"}],"predecessor-version":[{"id":30696,"href":"https:\/\/solidaridadnews.com\/index.php?rest_route=\/wp\/v2\/posts\/30695\/revisions\/30696"}],"wp:featuredmedia":[{"embeddable":true,"href":"https:\/\/solidaridadnews.com\/index.php?rest_route=\/wp\/v2\/media\/30697"}],"wp:attachment":[{"href":"https:\/\/solidaridadnews.com\/index.php?rest_route=%2Fwp%2Fv2%2Fmedia&parent=30695"}],"wp:term":[{"taxonomy":"category","embeddable":true,"href":"https:\/\/solidaridadnews.com\/index.php?rest_route=%2Fwp%2Fv2%2Fcategories&post=30695"},{"taxonomy":"post_tag","embeddable":true,"href":"https:\/\/solidaridadnews.com\/index.php?rest_route=%2Fwp%2Fv2%2Ftags&post=30695"}],"curies":[{"name":"wp","href":"https:\/\/api.w.org\/{rel}","templated":true}]}}