{"id":30668,"date":"2023-12-13T11:04:56","date_gmt":"2023-12-13T16:04:56","guid":{"rendered":"https:\/\/solidaridadnews.com\/?p=30668"},"modified":"2023-12-13T16:04:57","modified_gmt":"2023-12-13T16:04:57","slug":"abren-convocatoria-de-show-de-talentos-de-navidad-en-solidaridad","status":"publish","type":"post","link":"https:\/\/solidaridadnews.com\/?p=30668","title":{"rendered":"Abren convocatoria de \u00a1Show de Talentos de Navidad! En Solidaridad"},"content":{"rendered":"<p>El gobierno que preside Lili Campos, a trav\u00e9s del Instituto de la Juventud, invita a participar a todos y todas en el \u00abShow de Talentos de Navidad\u00bb, a realizarse el pr\u00f3ximo 15 de diciembre en el domo de la colonia 28 de Julio.<\/p>\n<p>Este evento, de talento y creatividad navide\u00f1a, contar\u00e1 con presentaciones libres, exhibiciones de m\u00fasica, baile o canto, con un premio econ\u00f3mico para los dos primeros lugares.<\/p>\n<div class=\"stream-item stream-item-in-post stream-item-inline-post aligncenter\"><\/div>\n<p>La invitaci\u00f3n es para chicos y grandes, esperando una gran participaci\u00f3n del talento local, llenos de energ\u00eda y creatividad.<\/p>\n<p>Las presentaciones se llevar\u00e1n a cabo tras iniciar el evento, programado desde las 18 horas en el domo ubicado en la calle Cozumel, entre calle Tulum y calle Boca Paila.<\/p>\n<p>Para inscripciones y m\u00e1s detalles, visita las redes sociales del Instituto de la Juventud o comun\u00edcate al WhatsApp (984) 222 45 52. \u00a1No pierdas la oportunidad de mostrar tu talento y ser parte de esta celebraci\u00f3n \u00fanica!<\/p>\n","protected":false},"excerpt":{"rendered":"<p>El gobierno que preside Lili Campos, a trav\u00e9s del Instituto de la Juventud, invita a participar a todos y todas en el \u00abShow de Talentos de Navidad\u00bb, a realizarse el pr\u00f3ximo 15 de diciembre en el domo de la colonia 28 de Julio. Este evento, de talento y creatividad navide\u00f1a, contar\u00e1 con presentaciones libres, exhibiciones [&hellip;]<\/p>\n","protected":false},"author":1,"featured_media":30670,"comment_status":"open","ping_status":"closed","sticky":false,"template":"","format":"standard","meta":{"footnotes":""},"categories":[4],"tags":[],"class_list":["post-30668","post","type-post","status-publish","format-standard","has-post-thumbnail","hentry","category-local"],"_links":{"self":[{"href":"https:\/\/solidaridadnews.com\/index.php?rest_route=\/wp\/v2\/posts\/30668","targetHints":{"allow":["GET"]}}],"collection":[{"href":"https:\/\/solidaridadnews.com\/index.php?rest_route=\/wp\/v2\/posts"}],"about":[{"href":"https:\/\/solidaridadnews.com\/index.php?rest_route=\/wp\/v2\/types\/post"}],"author":[{"embeddable":true,"href":"https:\/\/solidaridadnews.com\/index.php?rest_route=\/wp\/v2\/users\/1"}],"replies":[{"embeddable":true,"href":"https:\/\/solidaridadnews.com\/index.php?rest_route=%2Fwp%2Fv2%2Fcomments&post=30668"}],"version-history":[{"count":1,"href":"https:\/\/solidaridadnews.com\/index.php?rest_route=\/wp\/v2\/posts\/30668\/revisions"}],"predecessor-version":[{"id":30669,"href":"https:\/\/solidaridadnews.com\/index.php?rest_route=\/wp\/v2\/posts\/30668\/revisions\/30669"}],"wp:featuredmedia":[{"embeddable":true,"href":"https:\/\/solidaridadnews.com\/index.php?rest_route=\/wp\/v2\/media\/30670"}],"wp:attachment":[{"href":"https:\/\/solidaridadnews.com\/index.php?rest_route=%2Fwp%2Fv2%2Fmedia&parent=30668"}],"wp:term":[{"taxonomy":"category","embeddable":true,"href":"https:\/\/solidaridadnews.com\/index.php?rest_route=%2Fwp%2Fv2%2Fcategories&post=30668"},{"taxonomy":"post_tag","embeddable":true,"href":"https:\/\/solidaridadnews.com\/index.php?rest_route=%2Fwp%2Fv2%2Ftags&post=30668"}],"curies":[{"name":"wp","href":"https:\/\/api.w.org\/{rel}","templated":true}]}}