{"id":30578,"date":"2023-12-06T13:03:33","date_gmt":"2023-12-06T18:03:33","guid":{"rendered":"https:\/\/solidaridadnews.com\/?p=30578"},"modified":"2023-12-06T18:03:34","modified_gmt":"2023-12-06T18:03:34","slug":"crece-la-rebelion-se-registra-nuera-de-laura-beristain-para-buscar-presidencia-de-solidaridad","status":"publish","type":"post","link":"https:\/\/solidaridadnews.com\/?p=30578","title":{"rendered":"CRECE LA REBELI\u00d3N: Se registra nuera de Laura Beristain para buscar presidencia de Solidaridad"},"content":{"rendered":"<p><strong>Valentina Johana \u00c1lvarez Casta\u00f1eda,<\/strong>\u00a0d\u00e9cimo cuarta regidora del Cabildo de Solidaridad, se inscribi\u00f3 ayer por la noche como aspirante a coordinadora de los Comit\u00e9s de Defensa de la 4T en esta demarcaci\u00f3n, la antesala a la candidatura para la presidencia municipal por el partido de Morena.<\/p>\n<p>Durante una conferencia de prensa a la que convoc\u00f3 para dar a conocer su registro, la nuera de la diputada local\u00a0<strong>Luz Mar\u00eda Beristain\u00a0<\/strong>manifest\u00f3 que tendr\u00e1 que ser un morenista quien represente a la coalici\u00f3n con el Partido Verde (PVEM) y el Partido del Trabajo (PT) en este municipio.<\/p>\n<p>\u201cHemos tenido en los procesos anteriores muy buena votaci\u00f3n para Morena, es la fuerza pol\u00edtica m\u00e1s importante en Solidaridad y Quintana Roo\u201d, expres\u00f3.<\/p>\n<p>Sobre sus propuestas de obtener la candidatura a la presidencia municipal, coment\u00f3 que es pronto para expresarse, por lo que esperar\u00e1 a que se defina el proceso interno y se d\u00e9 a conocer el nombre del candidato en febrero.<\/p>\n<p>\u201cSeguramente trabajaremos en coordinaci\u00f3n con gobierno estatal y federal, siempre velando por los intereses para los ciudadanos\u201d, finaliz\u00f3.<\/p>\n","protected":false},"excerpt":{"rendered":"<p>Valentina Johana \u00c1lvarez Casta\u00f1eda,\u00a0d\u00e9cimo cuarta regidora del Cabildo de Solidaridad, se inscribi\u00f3 ayer por la noche como aspirante a coordinadora de los Comit\u00e9s de Defensa de la 4T en esta demarcaci\u00f3n, la antesala a la candidatura para la presidencia municipal por el partido de Morena. Durante una conferencia de prensa a la que convoc\u00f3 para [&hellip;]<\/p>\n","protected":false},"author":1,"featured_media":30580,"comment_status":"open","ping_status":"closed","sticky":false,"template":"","format":"standard","meta":{"footnotes":""},"categories":[4],"tags":[],"class_list":["post-30578","post","type-post","status-publish","format-standard","has-post-thumbnail","hentry","category-local"],"_links":{"self":[{"href":"https:\/\/solidaridadnews.com\/index.php?rest_route=\/wp\/v2\/posts\/30578","targetHints":{"allow":["GET"]}}],"collection":[{"href":"https:\/\/solidaridadnews.com\/index.php?rest_route=\/wp\/v2\/posts"}],"about":[{"href":"https:\/\/solidaridadnews.com\/index.php?rest_route=\/wp\/v2\/types\/post"}],"author":[{"embeddable":true,"href":"https:\/\/solidaridadnews.com\/index.php?rest_route=\/wp\/v2\/users\/1"}],"replies":[{"embeddable":true,"href":"https:\/\/solidaridadnews.com\/index.php?rest_route=%2Fwp%2Fv2%2Fcomments&post=30578"}],"version-history":[{"count":1,"href":"https:\/\/solidaridadnews.com\/index.php?rest_route=\/wp\/v2\/posts\/30578\/revisions"}],"predecessor-version":[{"id":30579,"href":"https:\/\/solidaridadnews.com\/index.php?rest_route=\/wp\/v2\/posts\/30578\/revisions\/30579"}],"wp:featuredmedia":[{"embeddable":true,"href":"https:\/\/solidaridadnews.com\/index.php?rest_route=\/wp\/v2\/media\/30580"}],"wp:attachment":[{"href":"https:\/\/solidaridadnews.com\/index.php?rest_route=%2Fwp%2Fv2%2Fmedia&parent=30578"}],"wp:term":[{"taxonomy":"category","embeddable":true,"href":"https:\/\/solidaridadnews.com\/index.php?rest_route=%2Fwp%2Fv2%2Fcategories&post=30578"},{"taxonomy":"post_tag","embeddable":true,"href":"https:\/\/solidaridadnews.com\/index.php?rest_route=%2Fwp%2Fv2%2Ftags&post=30578"}],"curies":[{"name":"wp","href":"https:\/\/api.w.org\/{rel}","templated":true}]}}