{"id":30563,"date":"2023-12-05T18:00:24","date_gmt":"2023-12-05T23:00:24","guid":{"rendered":"https:\/\/solidaridadnews.com\/?p=30563"},"modified":"2023-12-06T05:10:01","modified_gmt":"2023-12-06T05:10:01","slug":"se-enciende-la-navidad-en-puerto-aventuras","status":"publish","type":"post","link":"https:\/\/solidaridadnews.com\/?p=30563","title":{"rendered":"\ufeff*Se enciende la navidad en Puerto Aventuras*"},"content":{"rendered":"<blockquote>\n<div dir=\"ltr\">\u2022 \u00a0 \u00a0La presidenta Lili Campos, anunci\u00f3 que del 15 de diciembre al 6 de enero estar\u00e1 la villa navide\u00f1a para el disfrute de las familias, chicos y grandes<\/p>\n<p>Playa del Carmen, Solidaridad, 5 de diciembre del 2023. &#8211; La alcald\u00eda de Puerto Aventuras se ilumin\u00f3 con luces navide\u00f1as luego de que la presidenta Lili Campos, en compa\u00f1\u00eda del alcalde Gilberto G\u00f3mez, encendi\u00f3 el tradicional \u00e1rbol navide\u00f1o en la explanada de la alcald\u00eda.<\/p>\n<p>\u00abIniciamos con este conteo regresivo donde encenderemos este \u00e1rbol navide\u00f1o, pero sobre todo estas luces qu\u00e9 marcan el inicio de esta temporada decembrina. Quiero que sepan que del 15 de diciembre al 6 de enero vamos a tener nuestra villa navide\u00f1a aqu\u00ed al igual que en Playa del Carmen, as\u00ed que para aquellos que deseen visitarnos y puedan disfrutar gratuitamente de ellos\u00bb, indic\u00f3 la presidenta Lili Campos.<\/p>\n<p>Por su parte Gilberto G\u00f3mez agradeci\u00f3 a todos los ciudadanos por estar presentes en el encendido del \u00e1rbol navide\u00f1o. \u00abAgradezco el apoyo de nuestra presidenta Lili Campos por estar con nosotros, pues ya nos comunic\u00f3 qu\u00e9 habr\u00e1 posadas y pi\u00f1atas en estos festejos decembrinos\u00bb.<\/p>\n<p>Asimismo, previo al evento, m\u00e1s de mil 500 personas entre ni\u00f1os, j\u00f3venes y adultos participaron en el desfile navide\u00f1o, el cual inici\u00f3 en la secundaria Jos\u00e9 Antonio Tzub Esparza y concluy\u00f3 en la explanada de dicha alcald\u00eda.<\/p><\/div>\n<\/blockquote>\n","protected":false},"excerpt":{"rendered":"<p>\u2022 \u00a0 \u00a0La presidenta Lili Campos, anunci\u00f3 que del 15 de diciembre al 6 de enero estar\u00e1 la villa navide\u00f1a para el disfrute de las familias, chicos y grandes Playa del Carmen, Solidaridad, 5 de diciembre del 2023. &#8211; La alcald\u00eda de Puerto Aventuras se ilumin\u00f3 con luces navide\u00f1as luego de que la presidenta Lili [&hellip;]<\/p>\n","protected":false},"author":1,"featured_media":30565,"comment_status":"open","ping_status":"closed","sticky":false,"template":"","format":"standard","meta":{"footnotes":""},"categories":[4],"tags":[],"class_list":["post-30563","post","type-post","status-publish","format-standard","has-post-thumbnail","hentry","category-local"],"_links":{"self":[{"href":"https:\/\/solidaridadnews.com\/index.php?rest_route=\/wp\/v2\/posts\/30563","targetHints":{"allow":["GET"]}}],"collection":[{"href":"https:\/\/solidaridadnews.com\/index.php?rest_route=\/wp\/v2\/posts"}],"about":[{"href":"https:\/\/solidaridadnews.com\/index.php?rest_route=\/wp\/v2\/types\/post"}],"author":[{"embeddable":true,"href":"https:\/\/solidaridadnews.com\/index.php?rest_route=\/wp\/v2\/users\/1"}],"replies":[{"embeddable":true,"href":"https:\/\/solidaridadnews.com\/index.php?rest_route=%2Fwp%2Fv2%2Fcomments&post=30563"}],"version-history":[{"count":1,"href":"https:\/\/solidaridadnews.com\/index.php?rest_route=\/wp\/v2\/posts\/30563\/revisions"}],"predecessor-version":[{"id":30564,"href":"https:\/\/solidaridadnews.com\/index.php?rest_route=\/wp\/v2\/posts\/30563\/revisions\/30564"}],"wp:featuredmedia":[{"embeddable":true,"href":"https:\/\/solidaridadnews.com\/index.php?rest_route=\/wp\/v2\/media\/30565"}],"wp:attachment":[{"href":"https:\/\/solidaridadnews.com\/index.php?rest_route=%2Fwp%2Fv2%2Fmedia&parent=30563"}],"wp:term":[{"taxonomy":"category","embeddable":true,"href":"https:\/\/solidaridadnews.com\/index.php?rest_route=%2Fwp%2Fv2%2Fcategories&post=30563"},{"taxonomy":"post_tag","embeddable":true,"href":"https:\/\/solidaridadnews.com\/index.php?rest_route=%2Fwp%2Fv2%2Ftags&post=30563"}],"curies":[{"name":"wp","href":"https:\/\/api.w.org\/{rel}","templated":true}]}}