{"id":30560,"date":"2023-12-04T18:00:32","date_gmt":"2023-12-04T23:00:32","guid":{"rendered":"https:\/\/solidaridadnews.com\/?p=30560"},"modified":"2023-12-06T05:09:10","modified_gmt":"2023-12-06T05:09:10","slug":"lili-campos-presente-en-la-cumbre-mundial-de-comunicacion-politica","status":"publish","type":"post","link":"https:\/\/solidaridadnews.com\/?p=30560","title":{"rendered":"\ufeffLili Campos presente en la Cumbre Mundial de Comunicaci\u00f3n Pol\u00edtica"},"content":{"rendered":"<blockquote>\n<div dir=\"ltr\">\u2022 \u00a0 \u00a0Solidaridad est\u00e1 en el evento de talla mundial y centro del mundo en este tipo de comunicaci\u00f3n; la presidenta participar\u00e1 con una ponencia el mi\u00e9rcoles 6 pr\u00f3ximo<\/p>\n<p>Canc\u00fan, Quintana Roo, 4 de diciembre del 2023.- La presidenta municipal de Solidaridad, Lili Campos, fue invitada de honor en la inauguraci\u00f3n de la XIX Cumbre Mundial de Comunicaci\u00f3n Pol\u00edtica que se realiza en Canc\u00fan, y en donde el mi\u00e9rcoles 6 de diciembre tendr\u00e1 participaci\u00f3n con una ponencia.<\/p>\n<p>As\u00ed, Solidaridad estar\u00e1 en este evento de talla mundial, que se convierte en el centro del mundo de la comunicaci\u00f3n pol\u00edtica y catalizador de actividades acad\u00e9micas del 4 al 6 de diciembre.<\/p>\n<p>Lili Campos manifest\u00f3 que \u00abla participaci\u00f3n en este tipo de congresos es importante, porque permite la actualizaci\u00f3n y la formaci\u00f3n para desempe\u00f1ar de manera responsable y profesional el cargo, para dar lo mejor de nosotros en favor de la ciudadan\u00eda\u00bb.<\/p>\n<p>El presidente de la Cumbre Mundial de Comunicaci\u00f3n Pol\u00edtica, el consultor pol\u00edtico Daniel Ivoskus asegur\u00f3 que en estos tres d\u00edas se realizar\u00e1n alrededor de 30 conferencias, paneles y talleres, m\u00e1s de 20 presentaciones de nuevas publicaciones y de libros de comunicaci\u00f3n, pr\u00e1cticas de gobierno exitosas y estrategias pol\u00edticas ganadoras en Latinoam\u00e9rica.<\/p>\n<p>Adem\u00e1s de los mencionados, en el pres\u00eddium estuvo el representante de la gobernadora del Estado Mara Lezama, el secretario de Bienestar Pablo Bustamante; el representante de la Cumbre Mundial de Comunicaci\u00f3n Pol\u00edtica en M\u00e9xico Filiberto Mart\u00ednez y la presidenta de la Asociaci\u00f3n de Consultores Pol\u00edticos Nidia Valdez.<\/p><\/div>\n<\/blockquote>\n","protected":false},"excerpt":{"rendered":"<p>\u2022 \u00a0 \u00a0Solidaridad est\u00e1 en el evento de talla mundial y centro del mundo en este tipo de comunicaci\u00f3n; la presidenta participar\u00e1 con una ponencia el mi\u00e9rcoles 6 pr\u00f3ximo Canc\u00fan, Quintana Roo, 4 de diciembre del 2023.- La presidenta municipal de Solidaridad, Lili Campos, fue invitada de honor en la inauguraci\u00f3n de la XIX Cumbre [&hellip;]<\/p>\n","protected":false},"author":1,"featured_media":30562,"comment_status":"open","ping_status":"closed","sticky":false,"template":"","format":"standard","meta":{"footnotes":""},"categories":[4],"tags":[],"class_list":["post-30560","post","type-post","status-publish","format-standard","has-post-thumbnail","hentry","category-local"],"_links":{"self":[{"href":"https:\/\/solidaridadnews.com\/index.php?rest_route=\/wp\/v2\/posts\/30560","targetHints":{"allow":["GET"]}}],"collection":[{"href":"https:\/\/solidaridadnews.com\/index.php?rest_route=\/wp\/v2\/posts"}],"about":[{"href":"https:\/\/solidaridadnews.com\/index.php?rest_route=\/wp\/v2\/types\/post"}],"author":[{"embeddable":true,"href":"https:\/\/solidaridadnews.com\/index.php?rest_route=\/wp\/v2\/users\/1"}],"replies":[{"embeddable":true,"href":"https:\/\/solidaridadnews.com\/index.php?rest_route=%2Fwp%2Fv2%2Fcomments&post=30560"}],"version-history":[{"count":1,"href":"https:\/\/solidaridadnews.com\/index.php?rest_route=\/wp\/v2\/posts\/30560\/revisions"}],"predecessor-version":[{"id":30561,"href":"https:\/\/solidaridadnews.com\/index.php?rest_route=\/wp\/v2\/posts\/30560\/revisions\/30561"}],"wp:featuredmedia":[{"embeddable":true,"href":"https:\/\/solidaridadnews.com\/index.php?rest_route=\/wp\/v2\/media\/30562"}],"wp:attachment":[{"href":"https:\/\/solidaridadnews.com\/index.php?rest_route=%2Fwp%2Fv2%2Fmedia&parent=30560"}],"wp:term":[{"taxonomy":"category","embeddable":true,"href":"https:\/\/solidaridadnews.com\/index.php?rest_route=%2Fwp%2Fv2%2Fcategories&post=30560"},{"taxonomy":"post_tag","embeddable":true,"href":"https:\/\/solidaridadnews.com\/index.php?rest_route=%2Fwp%2Fv2%2Ftags&post=30560"}],"curies":[{"name":"wp","href":"https:\/\/api.w.org\/{rel}","templated":true}]}}