{"id":30555,"date":"2023-12-05T18:00:34","date_gmt":"2023-12-05T23:00:34","guid":{"rendered":"https:\/\/solidaridadnews.com\/?p=30555"},"modified":"2023-12-06T04:57:33","modified_gmt":"2023-12-06T04:57:33","slug":"viajo-a-playa-del-carmen-en-busca-de-oportunidades-se-descompuso-y-esta-internada-en-grave-estado","status":"publish","type":"post","link":"https:\/\/solidaridadnews.com\/?p=30555","title":{"rendered":"Viaj\u00f3 a Playa del Carmen en busca de oportunidades, se descompuso y est\u00e1 internada en grave estado"},"content":{"rendered":"<div class=\"hidden\">\n<h4 class=\"com-subhead --bajada --m-xs-\" style=\"text-align: center;\">La familia de la joven, oriunda de C\u00f3rdoba, pide ayuda para juntar dinero porque debe ser intervenida quir\u00fargicamente; le detectaron un meningioma y un aneurisma cerebral con sangrado; un hecho traum\u00e1tico podr\u00eda haber acelerado que se manifestara su dolencia<\/h4>\n<\/div>\n<div class=\"hidden\">\n<p class=\"com-paragraph   --s\"><strong>Desde hace poco m\u00e1s de una semana, Carolina Cama\u00f1o, una cordobesa de 30 a\u00f1os, est\u00e1 internada en un hospital p\u00fablico de Playa del Carmen, M\u00e9xico, luego de que se le detectara un meningioma y un aneurisma cerebral<\/strong>. Tras varios idas y vueltas entre distintos centros de salud locales, la joven, que estaba por regresar a la Argentina para pasar las fiestas con su familia y festejar su cumplea\u00f1os el pr\u00f3ximo 26 de diciembre,\u00a0<strong>espera ser intervenida quir\u00fargicamente con urgencia<\/strong>.<strong>\u00a0\u201cEstamos con una angustia tremenda. No podemos costearlo\u201d<\/strong>, enfatiz\u00f3\u00a0su padre, jubilado, desde C\u00f3rdoba.<\/p>\n<div class=\"hidden\"><\/div>\n<div class=\"hidden\"><\/div>\n<p class=\"com-paragraph   --s\">Juan Antonio cont\u00f3, en di\u00e1logo con\u00a0<strong>LA NACION,<\/strong>\u00a0que la pesadilla comenz\u00f3 el pasado domingo 26 de noviembre. Tras disfrutar sola de unas horas a la orilla del mar, la mujer regres\u00f3 a la casa donde viv\u00eda con amigos. Minutos despu\u00e9s,\u00a0<strong>comenz\u00f3 a sufrir convulsiones hasta desmayarse<\/strong>. Fueron sus allegados quienes de inmediato la llevaron de urgencia al hospital p\u00fablico PlayaMed.<\/p>\n<p class=\"com-paragraph   --s\"><strong>Durante dos d\u00edas, Cama\u00f1o permaneci\u00f3 inconsciente. Una vez que la joven volvi\u00f3 en s\u00ed, los m\u00e9dicos le dieron de alta \u201csin hacerle ning\u00fan estudio para ver qu\u00e9 le hab\u00eda ocurrido\u201d<\/strong>, de acuerdo con el padre.\u00a0<strong>A dos horas de regresar al lugar donde se hospedaba, Carolina volvi\u00f3 a sentirse mareada y nuevamente se desvaneci\u00f3, por lo que los amigos la regresaron al centro de salud<\/strong>.<\/p>\n<p class=\"com-paragraph   --s\">\u201cComo vieron que no hac\u00edan nada, sus amigos juntaron plata y le pagaron una ambulancia hasta una cl\u00ednica privada. Ah\u00ed\u00a0<strong>le hicieron una tomograf\u00eda y le sali\u00f3 que ten\u00eda un meningioma y un aneurisma sangrante. Les dijeron que este \u00faltimo ten\u00eda el tama\u00f1o de una pera<\/strong>\u201d, agreg\u00f3 Juan Antonio.<\/p>\n<div class=\"hidden\"><\/div>\n<p class=\"com-paragraph   --s\">En principio, de acuerdo a las primeras informaciones, Carolina sufri\u00f3 esta descompensaci\u00f3n tras enterarse de un crimen que habr\u00eda ocurrido en la playa &#8211; no queda claro para el padre si lo presenci\u00f3 o alguien le cont\u00f3 sobre el hecho -; los m\u00e9dicos le dijeron a los amigos que \u201cprobablemente\u201d ella ya ten\u00eda este problema en su cabeza desde antes, indic\u00f3 Juan Antonio. El hermano de la joven tambi\u00e9n dijo no saber exactamente qu\u00e9 ocurri\u00f3 con la mujer, porque dice que ella apenas balbucea, pero que\u00a0<strong>\u201ctal vez, si vio algo que la traum\u00f3, le pudo haber subido la presi\u00f3n y acelerar algo que ya ten\u00eda\u201d<\/strong>.<\/p>\n<p class=\"com-paragraph   --s\"><strong>Sin el dinero suficiente para seguir costeando estudios, la mujer fue reenviada al hospital p\u00fablico, donde permanece internada desde entonces<\/strong>. Seg\u00fan su padre, un empleado del consulado argentino en M\u00e9xico intervino en ese centro de salud para pedir que sea controlada por un neur\u00f3logo, que les dijo que\u00a0<strong>\u201cCaro necesita un hospital de alta complejidad en M\u00e9rida porque ah\u00ed no pueden hacer nada porque no tienen el equipamiento especial\u201d<\/strong>.<\/p>\n<div class=\"hidden\"><\/div>\n<p class=\"com-paragraph   --s\">Actualmente, su hija, que\u00a0<strong>hac\u00eda alrededor de seis meses hab\u00eda arribado a M\u00e9xico en busca de nuevas oportunidades laborales<\/strong>, sigue sedada en el hospital p\u00fablico PlayaMed, acompa\u00f1ada por uno de sus tres hermanos mayores, Juan Pablo, quien lleg\u00f3 el domingo.\u00a0<strong>\u201cNecesitamos recaudar 50 mil d\u00f3lares para todos los gastos\u201d<\/strong>.<\/p>\n<div class=\"hidden\"><\/div>\n<p class=\"com-paragraph   --s\"><strong>\u201cPrecisamos ayuda desesperadamente\u201d<\/strong>, resalt\u00f3 a\u00a0<strong>LA NACION<\/strong>, el joven.\u00a0<strong>\u201c\u00a1Mis padres son grandes y chocan con la burocracia constantemente! Necesitamos el compromiso de nuestros representantes para con una ciudadana argentina\u201d<\/strong>, enfatiz\u00f3 el hombre desde M\u00e9xico. Este diario consult\u00f3 a la\u00a0<strong>Canciller\u00eda<\/strong>\u00a0sobre qu\u00e9 asistencia podr\u00eda recibir la familia de la mujer internada, pero a\u00fan no recibi\u00f3 respuesta.<\/p>\n<div id=\"anexo-G7TKJNKFFZHKJJNO2FANYB6F3Y\" class=\"com-embed --html\"><\/div>\n<p class=\"com-paragraph   --s\">Si bien un neur\u00f3logo de ese centro de salud mexicano le pregunt\u00f3 al hermano de la joven\u00a0<strong>por qu\u00e9 no la trasladaban a C\u00f3rdoba capital<\/strong>, de donde es oriunda,\u00a0<strong>los m\u00e9dicos especialistas que su familia consult\u00f3 en esa provincia dijeron que \u201ces imposible\u201d hacerlo debido a que \u201cla presi\u00f3n del avi\u00f3n no es buena para su estado de salud\u201d<\/strong>. \u201cParece que en el hospital se la quieren sacar de encima\u201d, declar\u00f3 indignado el padre de Carolina sobre la atenci\u00f3n que est\u00e1 recibiendo su hija.<\/p>\n<div class=\"hidden\"><\/div>\n<p class=\"com-paragraph   --s\">\u201cMi hijo habl\u00f3 con alguien del consulado que le dijo que ellos podr\u00edan pagar el traslado en ambulancia desde Playa del Carmen hasta M\u00e9rida y la hospitalizaci\u00f3n, pero que los gastos de la operaci\u00f3n y los insumos corren por cuenta nuestra.\u00a0<strong>Somos jubilados y no tenemos el dinero<\/strong>\u201d, agreg\u00f3 el hombre de 62 a\u00f1os. \u201cSiempre fue una chica muy sana. Estaba estudiando la carrera de Educaci\u00f3n F\u00edsica antes de viajar\u201d, cerr\u00f3 Juan Antonio antes de asegurar que tiene la fe intacta, que cree que su hija podr\u00e1 salir adelante.<\/p>\n<\/div>\n","protected":false},"excerpt":{"rendered":"<p>La familia de la joven, oriunda de C\u00f3rdoba, pide ayuda para juntar dinero porque debe ser intervenida quir\u00fargicamente; le detectaron un meningioma y un aneurisma cerebral con sangrado; un hecho traum\u00e1tico podr\u00eda haber acelerado que se manifestara su dolencia Desde hace poco m\u00e1s de una semana, Carolina Cama\u00f1o, una cordobesa de 30 a\u00f1os, est\u00e1 internada [&hellip;]<\/p>\n","protected":false},"author":1,"featured_media":30557,"comment_status":"open","ping_status":"closed","sticky":false,"template":"","format":"standard","meta":{"footnotes":""},"categories":[4],"tags":[],"class_list":["post-30555","post","type-post","status-publish","format-standard","has-post-thumbnail","hentry","category-local"],"_links":{"self":[{"href":"https:\/\/solidaridadnews.com\/index.php?rest_route=\/wp\/v2\/posts\/30555","targetHints":{"allow":["GET"]}}],"collection":[{"href":"https:\/\/solidaridadnews.com\/index.php?rest_route=\/wp\/v2\/posts"}],"about":[{"href":"https:\/\/solidaridadnews.com\/index.php?rest_route=\/wp\/v2\/types\/post"}],"author":[{"embeddable":true,"href":"https:\/\/solidaridadnews.com\/index.php?rest_route=\/wp\/v2\/users\/1"}],"replies":[{"embeddable":true,"href":"https:\/\/solidaridadnews.com\/index.php?rest_route=%2Fwp%2Fv2%2Fcomments&post=30555"}],"version-history":[{"count":1,"href":"https:\/\/solidaridadnews.com\/index.php?rest_route=\/wp\/v2\/posts\/30555\/revisions"}],"predecessor-version":[{"id":30556,"href":"https:\/\/solidaridadnews.com\/index.php?rest_route=\/wp\/v2\/posts\/30555\/revisions\/30556"}],"wp:featuredmedia":[{"embeddable":true,"href":"https:\/\/solidaridadnews.com\/index.php?rest_route=\/wp\/v2\/media\/30557"}],"wp:attachment":[{"href":"https:\/\/solidaridadnews.com\/index.php?rest_route=%2Fwp%2Fv2%2Fmedia&parent=30555"}],"wp:term":[{"taxonomy":"category","embeddable":true,"href":"https:\/\/solidaridadnews.com\/index.php?rest_route=%2Fwp%2Fv2%2Fcategories&post=30555"},{"taxonomy":"post_tag","embeddable":true,"href":"https:\/\/solidaridadnews.com\/index.php?rest_route=%2Fwp%2Fv2%2Ftags&post=30555"}],"curies":[{"name":"wp","href":"https:\/\/api.w.org\/{rel}","templated":true}]}}