{"id":30537,"date":"2023-12-02T18:11:29","date_gmt":"2023-12-02T23:11:29","guid":{"rendered":"https:\/\/solidaridadnews.com\/?p=30537"},"modified":"2023-12-04T23:18:09","modified_gmt":"2023-12-04T23:18:09","slug":"residentes-de-solidaridad-estaran-exentos-de-pago-de-parquimetros-hasta-por-un-ano","status":"publish","type":"post","link":"https:\/\/solidaridadnews.com\/?p=30537","title":{"rendered":"Residentes de Solidaridad estar\u00e1n exentos de pago de parqu\u00edmetros hasta por un a\u00f1o"},"content":{"rendered":"<p>Con la intenci\u00f3n que residentes sean exentos del pago de parqu\u00edmetros hasta por un a\u00f1o, en recientes d\u00edas, durante la sesi\u00f3n Ordinaria de la Comisi\u00f3n Edilicia de Movilidad se aprob\u00f3 la iniciativa de reforma de los art\u00edculos 14, 15, 16, 17 y 20 del cap\u00edtulo 7mo. del Reglamento para el Servicio de Estacionamiento P\u00fablico, que entrar\u00e1 en vigor al d\u00eda siguiente de su publicaci\u00f3n en el peri\u00f3dico oficial del Estado.<\/p>\n<p>Durante la sesi\u00f3n, dirigida por su presidente y s\u00edndico Adri\u00e1n P\u00e9rez Vera, se mencion\u00f3 que la concesionaria de los parqu\u00edmetros recibe la documentaci\u00f3n y es ante quienes los ciudadanos tramitan los tarjetones desde el 2019; sin embargo, con esta modificaci\u00f3n, ser\u00e1 la Direcci\u00f3n de Supervisi\u00f3n de Movilidad a partir de enero quien los autorice o no a residentes que habiten un domicilio frente a la zona de parqu\u00edmetros (como lo establece la concesi\u00f3n), autorizando hasta un veh\u00edculo por inmueble, que no cuente con cochera, lo cual deber\u00e1 acreditarse con el documento id\u00f3neo.<\/p>\n<div class=\"stream-item stream-item-in-post stream-item-inline-post aligncenter\"><\/div>\n<p>Para la obtenci\u00f3n de la autorizaci\u00f3n se deber\u00e1 cumplir con varios requisitos, entre ellos: solicitud por escrito ante la Direcci\u00f3n de Supervisi\u00f3n de Movilidad, identificaci\u00f3n oficial vigente, copia de la tarjeta de circulaci\u00f3n del veh\u00edculo, en caso de que el veh\u00edculo sea propiedad de una persona moral deber\u00e1 entregar carta poder suscrita por el representante legal, estar al corriente en el pago de impuesto sobre tenencia del veh\u00edculo, predial, no tener multas de tr\u00e1nsito, entre otros.<\/p>\n<p>En la sesi\u00f3n se destac\u00f3 que las nuevas ciclov\u00edas construidas en la actual administraci\u00f3n, como la avenida Bicentenario, Aviaci\u00f3n y la que se construye sobre la 115 entre constituyentes y avenida 38 est\u00e1n protegidas con una guarnici\u00f3n de concreto, lo que impide que sean invadidas por unidades motrices, sin embargo, para el buen funcionamiento de las construidas en a\u00f1os pasados, se debe realizar un plan integral de movilidad para hacerlas funcionales y seguras.<\/p>\n<p>Por \u00faltimo, se exhort\u00f3 al titular de la Secretar\u00eda de Ordenamiento Territorial a realizar las gestiones necesarias para que se nombre a la persona titular de la Direcci\u00f3n de Supervisi\u00f3n de Movilidad y se informe a la misma direcci\u00f3n cuando se realice el nombramiento, pues ser\u00e1 esta persona quien ser\u00e1 el v\u00ednculo u enlace con la concesionaria Playa Park.<\/p>\n","protected":false},"excerpt":{"rendered":"<p>Con la intenci\u00f3n que residentes sean exentos del pago de parqu\u00edmetros hasta por un a\u00f1o, en recientes d\u00edas, durante la sesi\u00f3n Ordinaria de la Comisi\u00f3n Edilicia de Movilidad se aprob\u00f3 la iniciativa de reforma de los art\u00edculos 14, 15, 16, 17 y 20 del cap\u00edtulo 7mo. del Reglamento para el Servicio de Estacionamiento P\u00fablico, que [&hellip;]<\/p>\n","protected":false},"author":1,"featured_media":30539,"comment_status":"open","ping_status":"closed","sticky":false,"template":"","format":"standard","meta":{"footnotes":""},"categories":[4],"tags":[],"class_list":["post-30537","post","type-post","status-publish","format-standard","has-post-thumbnail","hentry","category-local"],"_links":{"self":[{"href":"https:\/\/solidaridadnews.com\/index.php?rest_route=\/wp\/v2\/posts\/30537","targetHints":{"allow":["GET"]}}],"collection":[{"href":"https:\/\/solidaridadnews.com\/index.php?rest_route=\/wp\/v2\/posts"}],"about":[{"href":"https:\/\/solidaridadnews.com\/index.php?rest_route=\/wp\/v2\/types\/post"}],"author":[{"embeddable":true,"href":"https:\/\/solidaridadnews.com\/index.php?rest_route=\/wp\/v2\/users\/1"}],"replies":[{"embeddable":true,"href":"https:\/\/solidaridadnews.com\/index.php?rest_route=%2Fwp%2Fv2%2Fcomments&post=30537"}],"version-history":[{"count":1,"href":"https:\/\/solidaridadnews.com\/index.php?rest_route=\/wp\/v2\/posts\/30537\/revisions"}],"predecessor-version":[{"id":30538,"href":"https:\/\/solidaridadnews.com\/index.php?rest_route=\/wp\/v2\/posts\/30537\/revisions\/30538"}],"wp:featuredmedia":[{"embeddable":true,"href":"https:\/\/solidaridadnews.com\/index.php?rest_route=\/wp\/v2\/media\/30539"}],"wp:attachment":[{"href":"https:\/\/solidaridadnews.com\/index.php?rest_route=%2Fwp%2Fv2%2Fmedia&parent=30537"}],"wp:term":[{"taxonomy":"category","embeddable":true,"href":"https:\/\/solidaridadnews.com\/index.php?rest_route=%2Fwp%2Fv2%2Fcategories&post=30537"},{"taxonomy":"post_tag","embeddable":true,"href":"https:\/\/solidaridadnews.com\/index.php?rest_route=%2Fwp%2Fv2%2Ftags&post=30537"}],"curies":[{"name":"wp","href":"https:\/\/api.w.org\/{rel}","templated":true}]}}