{"id":30534,"date":"2023-12-04T18:07:51","date_gmt":"2023-12-04T23:07:51","guid":{"rendered":"https:\/\/solidaridadnews.com\/?p=30534"},"modified":"2023-12-04T23:07:52","modified_gmt":"2023-12-04T23:07:52","slug":"chocan-a-combi-de-transporte-publico-en-la-colonia-colosio-de-playa-del-carmen","status":"publish","type":"post","link":"https:\/\/solidaridadnews.com\/?p=30534","title":{"rendered":"Chocan a combi de transporte p\u00fablico en la colonia Colosio de Playa del Carmen"},"content":{"rendered":"<p>El conductor de un veh\u00edculo de alquiler choc\u00f3 esta ma\u00f1ana con una combi de transporte p\u00fablico, esto en el cruce de la calle 92 con la avenida 30, en la colonia Luis Donaldo Colosio. No hubo lesionados.<\/p>\n<div dir=\"auto\">El incidente ocurri\u00f3 cuando el conductor de un Volkswagen Polo, blanco, que circulaba de oriente a poniente, no respet\u00f3 su alto obligatorio, colisionando con la parte delantera del colectivo con n\u00famero econ\u00f3mico 257, que circulaba hacia el norte.<\/div>\n<div dir=\"auto\"><\/div>\n<div dir=\"auto\">El veh\u00edculo causante del accidente qued\u00f3 en medio de la avenida, a donde arribaron elementos de la polic\u00eda municipal para dirigieron el tr\u00e1fico en espera de las aseguradores de ambas unidades.<\/div>\n","protected":false},"excerpt":{"rendered":"<p>El conductor de un veh\u00edculo de alquiler choc\u00f3 esta ma\u00f1ana con una combi de transporte p\u00fablico, esto en el cruce de la calle 92 con la avenida 30, en la colonia Luis Donaldo Colosio. No hubo lesionados. El incidente ocurri\u00f3 cuando el conductor de un Volkswagen Polo, blanco, que circulaba de oriente a poniente, no [&hellip;]<\/p>\n","protected":false},"author":1,"featured_media":30536,"comment_status":"open","ping_status":"closed","sticky":false,"template":"","format":"standard","meta":{"footnotes":""},"categories":[4],"tags":[],"class_list":["post-30534","post","type-post","status-publish","format-standard","has-post-thumbnail","hentry","category-local"],"_links":{"self":[{"href":"https:\/\/solidaridadnews.com\/index.php?rest_route=\/wp\/v2\/posts\/30534","targetHints":{"allow":["GET"]}}],"collection":[{"href":"https:\/\/solidaridadnews.com\/index.php?rest_route=\/wp\/v2\/posts"}],"about":[{"href":"https:\/\/solidaridadnews.com\/index.php?rest_route=\/wp\/v2\/types\/post"}],"author":[{"embeddable":true,"href":"https:\/\/solidaridadnews.com\/index.php?rest_route=\/wp\/v2\/users\/1"}],"replies":[{"embeddable":true,"href":"https:\/\/solidaridadnews.com\/index.php?rest_route=%2Fwp%2Fv2%2Fcomments&post=30534"}],"version-history":[{"count":1,"href":"https:\/\/solidaridadnews.com\/index.php?rest_route=\/wp\/v2\/posts\/30534\/revisions"}],"predecessor-version":[{"id":30535,"href":"https:\/\/solidaridadnews.com\/index.php?rest_route=\/wp\/v2\/posts\/30534\/revisions\/30535"}],"wp:featuredmedia":[{"embeddable":true,"href":"https:\/\/solidaridadnews.com\/index.php?rest_route=\/wp\/v2\/media\/30536"}],"wp:attachment":[{"href":"https:\/\/solidaridadnews.com\/index.php?rest_route=%2Fwp%2Fv2%2Fmedia&parent=30534"}],"wp:term":[{"taxonomy":"category","embeddable":true,"href":"https:\/\/solidaridadnews.com\/index.php?rest_route=%2Fwp%2Fv2%2Fcategories&post=30534"},{"taxonomy":"post_tag","embeddable":true,"href":"https:\/\/solidaridadnews.com\/index.php?rest_route=%2Fwp%2Fv2%2Ftags&post=30534"}],"curies":[{"name":"wp","href":"https:\/\/api.w.org\/{rel}","templated":true}]}}