{"id":30531,"date":"2023-12-04T17:57:47","date_gmt":"2023-12-04T22:57:47","guid":{"rendered":"https:\/\/solidaridadnews.com\/?p=30531"},"modified":"2023-12-04T22:57:48","modified_gmt":"2023-12-04T22:57:48","slug":"geavig-resguarda-a-nina-de-seis-anos-extraviada-de-playa-del-carmen","status":"publish","type":"post","link":"https:\/\/solidaridadnews.com\/?p=30531","title":{"rendered":"Geavig resguarda a ni\u00f1a de seis a\u00f1os extraviada de Playa del Carmen"},"content":{"rendered":"<div>\n<div class=\"row m-b-15\">\n<div class=\"col-xs-12 col-sm-12 col-md-12 col-lg-12\">\n<h4 class=\"introduction\" style=\"text-align: center;\">Autoridades iniciaron un operativo en las cercan\u00edas de la Colosio para localizar a los familiares de la menor.<\/h4>\n<\/div>\n<\/div>\n<\/div>\n<div class=\"row m-b-25\">\n<div class=\"col-xs-12 col-sm-12 col-md-12 col-lg-12 info-extra-new\">\n<p>Una ni\u00f1a de 6 a\u00f1os, identificada como\u00a0<strong>Alexandra \u2018N\u2019<\/strong>, fue hallada sola en una tienda de conveniencia en la colonia\u00a0<strong>Colosio\u00a0<\/strong>de\u00a0<strong>Playa del Carmen<\/strong>.<\/p>\n<p>La menor de edad, quien vest\u00eda una blusa de colores y un pantal\u00f3n de mezclilla, fue incapaz de recordar sus apellidos, adem\u00e1s que carec\u00eda de supervisi\u00f3n de alg\u00fan adulto.<\/p>\n<p>La r\u00e1pida respuesta de la Polic\u00eda Preventiva y el Grupo Especializado de Atenci\u00f3n a la Violencia Familiar y de G\u00e9nero (<strong>GEAVIG<\/strong>) se dio tras la denuncia al 911, acudiendo al Oxxo ubicado en la avenida 30 con calle 100.<\/p>\n<p>Actualmente, Alexandra \u2018N\u2019 est\u00e1 bajo protecci\u00f3n del\u00a0<strong>GEAVIG<\/strong>, especializado en casos que involucran menores y violencia familiar.<\/p>\n<p>Las autoridades han priorizado su bienestar, decidiendo canalizarla a la Delegaci\u00f3n de la Procuradur\u00eda de Protecci\u00f3n de Ni\u00f1as, Ni\u00f1os, Adolescentes y la Familia del\u00a0<strong>DIF Municipal<\/strong>. Aqu\u00ed se brindar\u00e1 la atenci\u00f3n necesaria y se tomar\u00e1n medidas para su resguardo y bienestar.<\/p>\n<p>Simult\u00e1neamente, las autoridades iniciaron un operativo de b\u00fasqueda en las cercan\u00edas para localizar a los familiares de Alexandra, la ni\u00f1a extraviada.<\/p>\n<\/div>\n<\/div>\n","protected":false},"excerpt":{"rendered":"<p>Autoridades iniciaron un operativo en las cercan\u00edas de la Colosio para localizar a los familiares de la menor. Una ni\u00f1a de 6 a\u00f1os, identificada como\u00a0Alexandra \u2018N\u2019, fue hallada sola en una tienda de conveniencia en la colonia\u00a0Colosio\u00a0de\u00a0Playa del Carmen. La menor de edad, quien vest\u00eda una blusa de colores y un pantal\u00f3n de mezclilla, fue [&hellip;]<\/p>\n","protected":false},"author":1,"featured_media":30533,"comment_status":"open","ping_status":"closed","sticky":false,"template":"","format":"standard","meta":{"footnotes":""},"categories":[4],"tags":[],"class_list":["post-30531","post","type-post","status-publish","format-standard","has-post-thumbnail","hentry","category-local"],"_links":{"self":[{"href":"https:\/\/solidaridadnews.com\/index.php?rest_route=\/wp\/v2\/posts\/30531","targetHints":{"allow":["GET"]}}],"collection":[{"href":"https:\/\/solidaridadnews.com\/index.php?rest_route=\/wp\/v2\/posts"}],"about":[{"href":"https:\/\/solidaridadnews.com\/index.php?rest_route=\/wp\/v2\/types\/post"}],"author":[{"embeddable":true,"href":"https:\/\/solidaridadnews.com\/index.php?rest_route=\/wp\/v2\/users\/1"}],"replies":[{"embeddable":true,"href":"https:\/\/solidaridadnews.com\/index.php?rest_route=%2Fwp%2Fv2%2Fcomments&post=30531"}],"version-history":[{"count":1,"href":"https:\/\/solidaridadnews.com\/index.php?rest_route=\/wp\/v2\/posts\/30531\/revisions"}],"predecessor-version":[{"id":30532,"href":"https:\/\/solidaridadnews.com\/index.php?rest_route=\/wp\/v2\/posts\/30531\/revisions\/30532"}],"wp:featuredmedia":[{"embeddable":true,"href":"https:\/\/solidaridadnews.com\/index.php?rest_route=\/wp\/v2\/media\/30533"}],"wp:attachment":[{"href":"https:\/\/solidaridadnews.com\/index.php?rest_route=%2Fwp%2Fv2%2Fmedia&parent=30531"}],"wp:term":[{"taxonomy":"category","embeddable":true,"href":"https:\/\/solidaridadnews.com\/index.php?rest_route=%2Fwp%2Fv2%2Fcategories&post=30531"},{"taxonomy":"post_tag","embeddable":true,"href":"https:\/\/solidaridadnews.com\/index.php?rest_route=%2Fwp%2Fv2%2Ftags&post=30531"}],"curies":[{"name":"wp","href":"https:\/\/api.w.org\/{rel}","templated":true}]}}