{"id":30522,"date":"2023-12-04T17:51:04","date_gmt":"2023-12-04T22:51:04","guid":{"rendered":"https:\/\/solidaridadnews.com\/?p=30522"},"modified":"2023-12-04T22:51:19","modified_gmt":"2023-12-04T22:51:19","slug":"y-sigue-la-venganza-shakira-estaria-preparando-un-documental-enfocado-en-el-dano-que-le-ocasiono-la-ruptura-con-pique","status":"publish","type":"post","link":"https:\/\/solidaridadnews.com\/?p=30522","title":{"rendered":"Y SIGUE LA VENGANZA, SHAKIRA ESTAR\u00cdA PREPARANDO UN DOCUMENTAL ENFOCADO EN EL DA\u00d1O QUE LE OCASION\u00d3 LA RUPTURA CON PIQU\u00c9"},"content":{"rendered":"<div class=\"col-span-12\">\n<div class=\"my-4 lg:text-[20px] text-[#666666] font-Roboto-Bold\">\n<div>\n<h3 style=\"text-align: center;\">Si al exfutbolista de la selecci\u00f3n espa\u00f1ola le est\u00e1n temblando las piernas es a causa de este rumor, pero no solo quedar\u00edan al descubierto los detalles de su supuesta infidelidad. Esto es lo que sabemos hasta ahora.<\/h3>\n<\/div>\n<\/div>\n<\/div>\n<div class=\"col-span-full lg:col-span-9\">\n<div class=\"post-details\">\n<p>Si cre\u00edas que tu ex era t\u00f3xica, da gracias a Dios que no es Shakira. Seg\u00fan publican varios medios espa\u00f1oles,\u00a0<strong>la cantante colombiana est\u00e1 produciendo un documental en el que muestra c\u00f3mo afect\u00f3 a su vida\u00a0el rompimiento con Gerard Piqu\u00e9<\/strong>, esto lo informaron los programas \u2018As\u00ed es la vida\u2019 y \u2018Mamarazzis\u2019.<\/p>\n<\/div>\n<div class=\"post-details\">\n<p>Las sospechas vienen porque\u00a0<strong>a la cantante de \u2018Acr\u00f3stico\u2019 se le ha visto con un camar\u00f3grafo que la ha acompa\u00f1ado a eventos que van desde los pasados Latin Grammy, en Sevilla, hasta sus\u00a0audiencias en los tribunales ib\u00e9ricos en los que se declar\u00f3 culpable del fraude fiscal<\/strong>\u00a0que se le acusaba.<\/p>\n<\/div>\n<div class=\"post-details\">\n<h2><strong>\u00bfDe qu\u00e9 tratar\u00eda el documental de Shakira?<\/strong><\/h2>\n<\/div>\n<div>\n<div class=\"post-details\">\n<p>Los dos \u00faltimos a\u00f1os han sido muy intensos para la colombiana sobre todo en la parte personal. Aunque se especula que\u00a0<strong>su posible documental estar\u00eda enfocado justo en sus problemas legales con el fisco espa\u00f1ol y a la infidelidad que caus\u00f3 su ruptura con el exfutbolista del Barcelona FC<\/strong>,<strong>\u00a0pero tambi\u00e9n abarcar\u00eda la enfermedad de sus padres, el lanzamiento de sus \u00faltimos sencillos y los reconocimientos que ha recibido<\/strong>\u00a0en los \u00faltimos meses, entre muchas otras cosas.<\/p>\n<\/div>\n<\/div>\n<\/div>\n","protected":false},"excerpt":{"rendered":"<p>Si al exfutbolista de la selecci\u00f3n espa\u00f1ola le est\u00e1n temblando las piernas es a causa de este rumor, pero no solo quedar\u00edan al descubierto los detalles de su supuesta infidelidad. Esto es lo que sabemos hasta ahora. Si cre\u00edas que tu ex era t\u00f3xica, da gracias a Dios que no es Shakira. Seg\u00fan publican varios [&hellip;]<\/p>\n","protected":false},"author":1,"featured_media":30524,"comment_status":"open","ping_status":"closed","sticky":false,"template":"","format":"standard","meta":{"footnotes":""},"categories":[3],"tags":[],"class_list":["post-30522","post","type-post","status-publish","format-standard","has-post-thumbnail","hentry","category-espectaculos"],"_links":{"self":[{"href":"https:\/\/solidaridadnews.com\/index.php?rest_route=\/wp\/v2\/posts\/30522","targetHints":{"allow":["GET"]}}],"collection":[{"href":"https:\/\/solidaridadnews.com\/index.php?rest_route=\/wp\/v2\/posts"}],"about":[{"href":"https:\/\/solidaridadnews.com\/index.php?rest_route=\/wp\/v2\/types\/post"}],"author":[{"embeddable":true,"href":"https:\/\/solidaridadnews.com\/index.php?rest_route=\/wp\/v2\/users\/1"}],"replies":[{"embeddable":true,"href":"https:\/\/solidaridadnews.com\/index.php?rest_route=%2Fwp%2Fv2%2Fcomments&post=30522"}],"version-history":[{"count":1,"href":"https:\/\/solidaridadnews.com\/index.php?rest_route=\/wp\/v2\/posts\/30522\/revisions"}],"predecessor-version":[{"id":30523,"href":"https:\/\/solidaridadnews.com\/index.php?rest_route=\/wp\/v2\/posts\/30522\/revisions\/30523"}],"wp:featuredmedia":[{"embeddable":true,"href":"https:\/\/solidaridadnews.com\/index.php?rest_route=\/wp\/v2\/media\/30524"}],"wp:attachment":[{"href":"https:\/\/solidaridadnews.com\/index.php?rest_route=%2Fwp%2Fv2%2Fmedia&parent=30522"}],"wp:term":[{"taxonomy":"category","embeddable":true,"href":"https:\/\/solidaridadnews.com\/index.php?rest_route=%2Fwp%2Fv2%2Fcategories&post=30522"},{"taxonomy":"post_tag","embeddable":true,"href":"https:\/\/solidaridadnews.com\/index.php?rest_route=%2Fwp%2Fv2%2Ftags&post=30522"}],"curies":[{"name":"wp","href":"https:\/\/api.w.org\/{rel}","templated":true}]}}