{"id":30508,"date":"2023-11-24T22:44:59","date_gmt":"2023-11-25T03:44:59","guid":{"rendered":"https:\/\/solidaridadnews.com\/?p=30508"},"modified":"2023-12-01T03:45:53","modified_gmt":"2023-12-01T03:45:53","slug":"festejan-121-anos-de-fundacion-de-playa-del-carmen","status":"publish","type":"post","link":"https:\/\/solidaridadnews.com\/?p=30508","title":{"rendered":"Festejan 121 a\u00f1os de fundaci\u00f3n de Playa del Carmen"},"content":{"rendered":"<p class=\"ql-align-justify\">De ser una peque\u00f1a villa de pescadores, Playa del Carmen, a 121 a\u00f1os de su fundaci\u00f3n, hoy es el Coraz\u00f3n de la Riviera Maya, en medio del polo tur\u00edstico m\u00e1s importante de M\u00e9xico, y con miras a seguir creciendo por las nuevas inversiones e infraestructuras, as\u00ed lo coment\u00f3 el Presidente de la Asociaci\u00f3n Unidos por Playa, Jos\u00e9 Luis Acosta Quian.<\/p>\n<p class=\"ql-align-justify\">Explic\u00f3 Playa del Carmen cuenta con una ubicaci\u00f3n privilegiada, pues pr\u00e1cticamente se encuentra a la mitad de Tulum y Canc\u00fan, frente a Cozumel y a hora y media de M\u00e9rida y zonas arqueol\u00f3gicas como Chich\u00e9n Itz\u00e1, situaci\u00f3n que debe de tomar en cuenta las autoridades competentes para impulsar m\u00e1s desarrollo tur\u00edstico.<\/p>\n<p class=\"ql-align-justify\">En ese tenor, record\u00f3 que, como Asociaci\u00f3n Civil, han impulsado que se reconozca esta fecha, logr\u00f3 que se consigui\u00f3 hace tres a\u00f1os.<\/p>\n","protected":false},"excerpt":{"rendered":"<p>De ser una peque\u00f1a villa de pescadores, Playa del Carmen, a 121 a\u00f1os de su fundaci\u00f3n, hoy es el Coraz\u00f3n de la Riviera Maya, en medio del polo tur\u00edstico m\u00e1s importante de M\u00e9xico, y con miras a seguir creciendo por las nuevas inversiones e infraestructuras, as\u00ed lo coment\u00f3 el Presidente de la Asociaci\u00f3n Unidos por [&hellip;]<\/p>\n","protected":false},"author":1,"featured_media":30510,"comment_status":"open","ping_status":"closed","sticky":false,"template":"","format":"standard","meta":{"footnotes":""},"categories":[4],"tags":[],"class_list":["post-30508","post","type-post","status-publish","format-standard","has-post-thumbnail","hentry","category-local"],"_links":{"self":[{"href":"https:\/\/solidaridadnews.com\/index.php?rest_route=\/wp\/v2\/posts\/30508","targetHints":{"allow":["GET"]}}],"collection":[{"href":"https:\/\/solidaridadnews.com\/index.php?rest_route=\/wp\/v2\/posts"}],"about":[{"href":"https:\/\/solidaridadnews.com\/index.php?rest_route=\/wp\/v2\/types\/post"}],"author":[{"embeddable":true,"href":"https:\/\/solidaridadnews.com\/index.php?rest_route=\/wp\/v2\/users\/1"}],"replies":[{"embeddable":true,"href":"https:\/\/solidaridadnews.com\/index.php?rest_route=%2Fwp%2Fv2%2Fcomments&post=30508"}],"version-history":[{"count":1,"href":"https:\/\/solidaridadnews.com\/index.php?rest_route=\/wp\/v2\/posts\/30508\/revisions"}],"predecessor-version":[{"id":30509,"href":"https:\/\/solidaridadnews.com\/index.php?rest_route=\/wp\/v2\/posts\/30508\/revisions\/30509"}],"wp:featuredmedia":[{"embeddable":true,"href":"https:\/\/solidaridadnews.com\/index.php?rest_route=\/wp\/v2\/media\/30510"}],"wp:attachment":[{"href":"https:\/\/solidaridadnews.com\/index.php?rest_route=%2Fwp%2Fv2%2Fmedia&parent=30508"}],"wp:term":[{"taxonomy":"category","embeddable":true,"href":"https:\/\/solidaridadnews.com\/index.php?rest_route=%2Fwp%2Fv2%2Fcategories&post=30508"},{"taxonomy":"post_tag","embeddable":true,"href":"https:\/\/solidaridadnews.com\/index.php?rest_route=%2Fwp%2Fv2%2Ftags&post=30508"}],"curies":[{"name":"wp","href":"https:\/\/api.w.org\/{rel}","templated":true}]}}