{"id":30502,"date":"2023-11-22T22:36:07","date_gmt":"2023-11-23T03:36:07","guid":{"rendered":"https:\/\/solidaridadnews.com\/?p=30502"},"modified":"2023-12-01T03:37:41","modified_gmt":"2023-12-01T03:37:41","slug":"carlos-bracamontes-cumple-cien-partidos-dirigidos-del-inter-playa-del-carmen","status":"publish","type":"post","link":"https:\/\/solidaridadnews.com\/?p=30502","title":{"rendered":"Carlos Bracamontes cumple cien partidos dirigidos del Inter Playa del Carmen"},"content":{"rendered":"<p>La directiva del Inter Playa del Carmen encabezada por Amador Guti\u00e9rrez, realiz\u00f3 durante el medio tiempo del partido Inter Playa del Carmen contra Atl\u00e9tico Arag\u00f3n, el reconocimiento a Carlos Bracamontes por cumplir cien partidos dirigiendo al equipo \u201cGigante de Quintana Roo\u201d<\/p>\n<p>Bracamontes Zenizo lleg\u00f3 para la temporada 2020-2021 de Liga Premier, debutando con victoria el 18 de septiembre del 2020 al CAFESSA Jalisco por marcador 2-1 en la deportiva \u201cMario Villanueva Madrid\u201d.<\/p>\n<div class=\"stream-item stream-item-in-post stream-item-inline-post aligncenter\"><\/div>\n<p>Durante su mandato como entrenador del primer equipo, Carlos Bracamontes ha llevado al Inter Playa del Carmen a los primeros planos del f\u00fatbol quintanarroense y nacional en Liga Premier, habiendo disputado dos finales de liga (Apertura 2021 y Clausura 2023), quedando como subcampe\u00f3n, as\u00ed como la final de la segunda edici\u00f3n de Copa Conecta 2023, obteniendo el segundo t\u00edtulo profesional para la instituci\u00f3n playense luego de 20 a\u00f1os desde el campeonato del ascenso de la tercera a la segunda divisi\u00f3n. Todos estos referentes bajo el soporte de la actual administraci\u00f3n solidarense de Lili Campos.<\/p>\n<p>\u201cMe siento muy contento, la verdad hemos hecho cosas lindas por el Inter Playa del Carmen. Con la presidenta Lili Campos, Amador Guti\u00e9rrez y la Marea Azul, que siempre nos ha acompa\u00f1ado y es junto con ellos que hemos llegado a tres finales oficiales y conseguido el campeonato de Copa. Toca seguir peleando en la Liga porque viene la segunda vuelta y pelearemos por estar ah\u00ed\u201d. Coment\u00f3 Carlos Bracamontes.<\/p>\n<p>En la entrega del significativo reconocimiento al director t\u00e9cnico Bracamontes, junto al titular del club Amador Gutierrez estuvo el profesor Enrique Lobato, actual director deportivo y quien fuera el primer entrenador profesional de la instituci\u00f3n playense.<\/p>\n<div class=\"stream-item stream-item-in-post stream-item-inline-post aligncenter\"><\/div>\n<p>\u201cLos n\u00fameros de Carlos son positivos, en estos cien juegos y en sus entrenamientos en todo momento ha sido de entrega, profesionalismo, pundonor, seriedad, dedicaci\u00f3n, disciplina, un entorno lleno de valores que aportan a la construcci\u00f3n de un equipo m\u00e1s all\u00e1 de lo deportivo, sino tambi\u00e9n en el desarrollo de la persona\u201d dijo Amador Gutierrez.<\/p>\n","protected":false},"excerpt":{"rendered":"<p>La directiva del Inter Playa del Carmen encabezada por Amador Guti\u00e9rrez, realiz\u00f3 durante el medio tiempo del partido Inter Playa del Carmen contra Atl\u00e9tico Arag\u00f3n, el reconocimiento a Carlos Bracamontes por cumplir cien partidos dirigiendo al equipo \u201cGigante de Quintana Roo\u201d Bracamontes Zenizo lleg\u00f3 para la temporada 2020-2021 de Liga Premier, debutando con victoria el [&hellip;]<\/p>\n","protected":false},"author":1,"featured_media":30504,"comment_status":"open","ping_status":"closed","sticky":false,"template":"","format":"standard","meta":{"footnotes":""},"categories":[4],"tags":[],"class_list":["post-30502","post","type-post","status-publish","format-standard","has-post-thumbnail","hentry","category-local"],"_links":{"self":[{"href":"https:\/\/solidaridadnews.com\/index.php?rest_route=\/wp\/v2\/posts\/30502","targetHints":{"allow":["GET"]}}],"collection":[{"href":"https:\/\/solidaridadnews.com\/index.php?rest_route=\/wp\/v2\/posts"}],"about":[{"href":"https:\/\/solidaridadnews.com\/index.php?rest_route=\/wp\/v2\/types\/post"}],"author":[{"embeddable":true,"href":"https:\/\/solidaridadnews.com\/index.php?rest_route=\/wp\/v2\/users\/1"}],"replies":[{"embeddable":true,"href":"https:\/\/solidaridadnews.com\/index.php?rest_route=%2Fwp%2Fv2%2Fcomments&post=30502"}],"version-history":[{"count":1,"href":"https:\/\/solidaridadnews.com\/index.php?rest_route=\/wp\/v2\/posts\/30502\/revisions"}],"predecessor-version":[{"id":30503,"href":"https:\/\/solidaridadnews.com\/index.php?rest_route=\/wp\/v2\/posts\/30502\/revisions\/30503"}],"wp:featuredmedia":[{"embeddable":true,"href":"https:\/\/solidaridadnews.com\/index.php?rest_route=\/wp\/v2\/media\/30504"}],"wp:attachment":[{"href":"https:\/\/solidaridadnews.com\/index.php?rest_route=%2Fwp%2Fv2%2Fmedia&parent=30502"}],"wp:term":[{"taxonomy":"category","embeddable":true,"href":"https:\/\/solidaridadnews.com\/index.php?rest_route=%2Fwp%2Fv2%2Fcategories&post=30502"},{"taxonomy":"post_tag","embeddable":true,"href":"https:\/\/solidaridadnews.com\/index.php?rest_route=%2Fwp%2Fv2%2Ftags&post=30502"}],"curies":[{"name":"wp","href":"https:\/\/api.w.org\/{rel}","templated":true}]}}