{"id":30499,"date":"2023-11-21T22:33:00","date_gmt":"2023-11-22T03:33:00","guid":{"rendered":"https:\/\/solidaridadnews.com\/?p=30499"},"modified":"2023-12-01T03:35:51","modified_gmt":"2023-12-01T03:35:51","slug":"playa-del-carmen-inician-proceso-de-area-natural-protegida-en-calica-2","status":"publish","type":"post","link":"https:\/\/solidaridadnews.com\/?p=30499","title":{"rendered":"Playa del Carmen: Inician proceso de \u00e1rea natural protegida en Calica"},"content":{"rendered":"<div>\n<div class=\"row m-b-15\">\n<div class=\"col-xs-12 col-sm-12 col-md-12 col-lg-12\">\n<h3 class=\"introduction\" style=\"text-align: center;\">Son dos mil 387 hect\u00e1reas que se ubican en los territorios de Solidaridad y Cozumel.<\/h3>\n<\/div>\n<\/div>\n<\/div>\n<div class=\"row m-b-25\">\n<div class=\"col-xs-12 col-sm-12 col-md-12 col-lg-12 info-extra-new\">\n<p>El Gobierno de M\u00e9xico inici\u00f3 el\u00a0<strong>procedimiento de declaratoria de \u00e1rea natural protegida<\/strong>\u00a0de jurisdicci\u00f3n federal sobre dos mil 387 hect\u00e1reas ubicadas en los territorios de Solidaridad y Cozumel.<\/p>\n<p>Aunque el documento publicado en el Diario Oficial de la Federaci\u00f3n no especifica la ubicaci\u00f3n f\u00edsica de esos terrenos, el \u00fanico punto donde ambos municipios coinciden en su territorio pol\u00edtico corresponde a la zona donde se encuentra Calica.<\/p>\n<p>El mes pasado, el presidente Andr\u00e9s Manuel L\u00f3pez Obrador hab\u00eda advertido que en caso de que Calica se negara a vender los predios al gobierno federal,\u00a0<strong>\u00e9ste iniciar\u00eda el procedimiento de declaratoria de \u00e1rea natural protegida<\/strong>, el cual viene aparejado con una expropiaci\u00f3n, pues el lugar quedar\u00eda en manos de la federaci\u00f3n, a trav\u00e9s la Comisi\u00f3n Nacional de \u00c1reas Naturales Protegidas (Conanp) para su administraci\u00f3n.<\/p>\n<p>En este contexto, el pasado mi\u00e9rcoles por la tarde fue publicado en el Diario Oficial de la Federaci\u00f3n (DOF) el aviso de disposici\u00f3n del estudio justificativo de expedici\u00f3n de decreto para la declaraci\u00f3n de \u00e1rea natural protegida denominada \u201cLeona Vicario\u201d de dos mil 387 hect\u00e1reas, en los municipios de Solidaridad y Cozumel.<\/p>\n<p>La pretensi\u00f3n del gobierno federal, en caso de que se concrete,\u00a0<strong>traer\u00e1 por primera vez la creaci\u00f3n de un espacio de este tipo en Solidaridad<\/strong>, el cual cuenta a\u00fan con extensas zonas de selva virgen, de manera particular en el sur de Playa del Carmen, justo donde se afianz\u00f3 la filial de Vulcan Materials Company.<\/p>\n<blockquote><p><em>\u201cEl estudio a que se hace menci\u00f3n (&#8230;) queda a disposici\u00f3n por un t\u00e9rmino de treinta d\u00edas naturales (&#8230;) para opini\u00f3n del gobierno del estado de Quintana Roo y de los gobiernos de los municipios de Solidaridad y Cozumel, en cuyas circunscripciones territoriales se localiza la propuesta de \u00e1rea de protecci\u00f3n de flora fauna que se trata\u201d, expone el acuerdo firmado por la Secretar\u00eda de Medio Ambiente y Recursos Naturales (Semarnat).<\/em><\/p><\/blockquote>\n<p>La representaci\u00f3n de Vulcan Materials Company, transnacional de origen estadounidense due\u00f1a de Calica, fue consultada por la tarde de ayer, dijo que\u00a0<strong>no estaban seguros sobre la ubicaci\u00f3n de los predios a declararse \u00e1rea natural protegida<\/strong>. Brindar\u00e1n una versi\u00f3n m\u00e1s extensa pronto.<\/p>\n<p>Actualmente el Gobierno de M\u00e9xico dirime diversos litigios contra Calica. Algunos juicios se encuentran en juzgados civiles locales, otros en juzgados federales y el de mayor pretensi\u00f3n, en el Centro Internacional de Arreglo de Diferencia Relativa a Inversiones (Ciadi), donde la empresa pide alrededor de mil 500 millones de d\u00f3lares por clausuras en su contra.<\/p>\n<\/div>\n<\/div>\n","protected":false},"excerpt":{"rendered":"<p>Son dos mil 387 hect\u00e1reas que se ubican en los territorios de Solidaridad y Cozumel. El Gobierno de M\u00e9xico inici\u00f3 el\u00a0procedimiento de declaratoria de \u00e1rea natural protegida\u00a0de jurisdicci\u00f3n federal sobre dos mil 387 hect\u00e1reas ubicadas en los territorios de Solidaridad y Cozumel. Aunque el documento publicado en el Diario Oficial de la Federaci\u00f3n no especifica [&hellip;]<\/p>\n","protected":false},"author":1,"featured_media":30501,"comment_status":"open","ping_status":"closed","sticky":false,"template":"","format":"standard","meta":{"footnotes":""},"categories":[4],"tags":[],"class_list":["post-30499","post","type-post","status-publish","format-standard","has-post-thumbnail","hentry","category-local"],"_links":{"self":[{"href":"https:\/\/solidaridadnews.com\/index.php?rest_route=\/wp\/v2\/posts\/30499","targetHints":{"allow":["GET"]}}],"collection":[{"href":"https:\/\/solidaridadnews.com\/index.php?rest_route=\/wp\/v2\/posts"}],"about":[{"href":"https:\/\/solidaridadnews.com\/index.php?rest_route=\/wp\/v2\/types\/post"}],"author":[{"embeddable":true,"href":"https:\/\/solidaridadnews.com\/index.php?rest_route=\/wp\/v2\/users\/1"}],"replies":[{"embeddable":true,"href":"https:\/\/solidaridadnews.com\/index.php?rest_route=%2Fwp%2Fv2%2Fcomments&post=30499"}],"version-history":[{"count":1,"href":"https:\/\/solidaridadnews.com\/index.php?rest_route=\/wp\/v2\/posts\/30499\/revisions"}],"predecessor-version":[{"id":30500,"href":"https:\/\/solidaridadnews.com\/index.php?rest_route=\/wp\/v2\/posts\/30499\/revisions\/30500"}],"wp:featuredmedia":[{"embeddable":true,"href":"https:\/\/solidaridadnews.com\/index.php?rest_route=\/wp\/v2\/media\/30501"}],"wp:attachment":[{"href":"https:\/\/solidaridadnews.com\/index.php?rest_route=%2Fwp%2Fv2%2Fmedia&parent=30499"}],"wp:term":[{"taxonomy":"category","embeddable":true,"href":"https:\/\/solidaridadnews.com\/index.php?rest_route=%2Fwp%2Fv2%2Fcategories&post=30499"},{"taxonomy":"post_tag","embeddable":true,"href":"https:\/\/solidaridadnews.com\/index.php?rest_route=%2Fwp%2Fv2%2Ftags&post=30499"}],"curies":[{"name":"wp","href":"https:\/\/api.w.org\/{rel}","templated":true}]}}