{"id":30496,"date":"2023-11-21T22:31:13","date_gmt":"2023-11-22T03:31:13","guid":{"rendered":"https:\/\/solidaridadnews.com\/?p=30496"},"modified":"2023-12-01T03:32:46","modified_gmt":"2023-12-01T03:32:46","slug":"reconocen-en-playa-del-carmen-a-mujeres-destacadas","status":"publish","type":"post","link":"https:\/\/solidaridadnews.com\/?p=30496","title":{"rendered":"Reconocen en Playa del Carmen a mujeres destacadas"},"content":{"rendered":"<ul>\n<li><strong><em>Lili Campos hizo entrega del galard\u00f3n \u201cMujer Destacada en la Defensa de la Paz y de los Derechos Humanos de las Mujeres 2023\u201d.<\/em><\/strong><\/li>\n<\/ul>\n<p>En el marco del D\u00eda Internacional de la Eliminaci\u00f3n de la Violencia contra la Mujer, la presidenta municipal Roxana Lili Campos Miranda, a trav\u00e9s del Instituto de la Mujer, hizo entrega del galard\u00f3n \u201cMujer Destacada en la Defensa de la Paz y de los Derechos Humanos de las Mujeres 2023\u201d, donde reconoci\u00f3 la labor de cinco mujeres en beneficio de las solidarenses.<\/p>\n<p>La alcaldesa reconoci\u00f3 el trabajo y las aportaciones de las mujeres sobresalientes que inspiran y han contribuido a otras mujeres en la defensa de la paz y los derechos humanos de las mujeres.<\/p>\n<p>\u201cSe est\u00e1 trabajando por ir haciendo una cultura de igualdad donde luchemos en ir erradicando la cultura machista. Estas mujeres galardonadas nos llenan de orgullo, pues luchan por los derechos no s\u00f3lo de nosotras las mujeres, sino por los derechos de quienes m\u00e1s lo necesitan\u201d, se\u00f1al\u00f3 la presidenta municipal.<\/p>\n<p>\u201cQuiero expresar mi m\u00e1s sincera felicitaci\u00f3n a todas las mujeres que fueron postuladas este a\u00f1o, sin duda todas ustedes son s\u00edmbolo de esfuerzo, preparaci\u00f3n, dedicaci\u00f3n y superaci\u00f3n personal, dignas de representar la mujer solidarense\u201d, expres\u00f3 por su parte Lenny Hau, directora del Instituto de la Mujer.<\/p>\n<p>Las mujeres galardonadas fueron: Frida Ang\u00e9lica Venegas Fabi\u00e1n, como impulsora de acciones para el derecho a la salud; Aracely Sandoval, como Impulsora en el desarrollo de habilidades de empoderamiento para las mujeres; Martha Honorina Herrera Cetina, como impulsora en la educaci\u00f3n a grupos de atenci\u00f3n prioritaria.<\/p>\n<p>Tambi\u00e9n Angela Canul, por el fomento de Valores y fundadora del Primer Centro de Atenci\u00f3n M\u00faltiple que capacita a ni\u00f1as y ni\u00f1os con discapacidad para desarrollarse en alg\u00fan oficio para la vida laboral; y se le entreg\u00f3 un reconocimiento especial a Samaria Angulo Sala, por su trayectoria y trabajo en favor de los derechos de las mujeres, premio que fue recibido por su hija.<\/p>\n","protected":false},"excerpt":{"rendered":"<p>Lili Campos hizo entrega del galard\u00f3n \u201cMujer Destacada en la Defensa de la Paz y de los Derechos Humanos de las Mujeres 2023\u201d. En el marco del D\u00eda Internacional de la Eliminaci\u00f3n de la Violencia contra la Mujer, la presidenta municipal Roxana Lili Campos Miranda, a trav\u00e9s del Instituto de la Mujer, hizo entrega del [&hellip;]<\/p>\n","protected":false},"author":1,"featured_media":30498,"comment_status":"open","ping_status":"closed","sticky":false,"template":"","format":"standard","meta":{"footnotes":""},"categories":[4],"tags":[],"class_list":["post-30496","post","type-post","status-publish","format-standard","has-post-thumbnail","hentry","category-local"],"_links":{"self":[{"href":"https:\/\/solidaridadnews.com\/index.php?rest_route=\/wp\/v2\/posts\/30496","targetHints":{"allow":["GET"]}}],"collection":[{"href":"https:\/\/solidaridadnews.com\/index.php?rest_route=\/wp\/v2\/posts"}],"about":[{"href":"https:\/\/solidaridadnews.com\/index.php?rest_route=\/wp\/v2\/types\/post"}],"author":[{"embeddable":true,"href":"https:\/\/solidaridadnews.com\/index.php?rest_route=\/wp\/v2\/users\/1"}],"replies":[{"embeddable":true,"href":"https:\/\/solidaridadnews.com\/index.php?rest_route=%2Fwp%2Fv2%2Fcomments&post=30496"}],"version-history":[{"count":1,"href":"https:\/\/solidaridadnews.com\/index.php?rest_route=\/wp\/v2\/posts\/30496\/revisions"}],"predecessor-version":[{"id":30497,"href":"https:\/\/solidaridadnews.com\/index.php?rest_route=\/wp\/v2\/posts\/30496\/revisions\/30497"}],"wp:featuredmedia":[{"embeddable":true,"href":"https:\/\/solidaridadnews.com\/index.php?rest_route=\/wp\/v2\/media\/30498"}],"wp:attachment":[{"href":"https:\/\/solidaridadnews.com\/index.php?rest_route=%2Fwp%2Fv2%2Fmedia&parent=30496"}],"wp:term":[{"taxonomy":"category","embeddable":true,"href":"https:\/\/solidaridadnews.com\/index.php?rest_route=%2Fwp%2Fv2%2Fcategories&post=30496"},{"taxonomy":"post_tag","embeddable":true,"href":"https:\/\/solidaridadnews.com\/index.php?rest_route=%2Fwp%2Fv2%2Ftags&post=30496"}],"curies":[{"name":"wp","href":"https:\/\/api.w.org\/{rel}","templated":true}]}}