{"id":30493,"date":"2023-11-20T22:29:24","date_gmt":"2023-11-21T03:29:24","guid":{"rendered":"https:\/\/solidaridadnews.com\/?p=30493"},"modified":"2023-12-01T03:31:01","modified_gmt":"2023-12-01T03:31:01","slug":"posicionan-a-playa-del-carmen-en-feria-de-turismo-2","status":"publish","type":"post","link":"https:\/\/solidaridadnews.com\/?p=30493","title":{"rendered":"Posicionan a Playa del Carmen en feria de turismo"},"content":{"rendered":"<ul>\n<li><strong><em>Roxana Lili Campos Miranda logr\u00f3 la consolidaci\u00f3n de importantes v\u00ednculos con autoridades tur\u00edsticas extranjeras.<\/em><\/strong><\/li>\n<\/ul>\n<p>A fin de posicionar la marca Playa del Carmen en el mercado de turismo global, la presidenta municipal Roxana Lili Campos Miranda logr\u00f3 \u2014durante la feria internacional World Travel Market 2023 (WTM) que se realiza en Londres\u2014 la consolidaci\u00f3n de importantes v\u00ednculos con autoridades tur\u00edsticas extranjeras, para reforzar el desarrollo econ\u00f3mico del destino.<\/p>\n<p>\u201cPosicionar la marca Playa del Carmen significa tener una identidad y un reconocimiento a nivel internacional, pues trae consigo beneficios propios para el destino, para los prestadores de servicios independientes y para los que est\u00e1n directa o indirectamente relacionados con el sector tur\u00edstico, por lo tanto, estos beneficios traen una mayor derrama econ\u00f3mica y una mejor calidad de vida de las y los solidarenses\u201d, manifest\u00f3 Campos Miranda.<\/p>\n<p>La alcaldesa estuvo atendiendo personalmente a todos aquellos que se acercaron al stand.<br \/>\nAsimismo, tuvo una reuni\u00f3n con Edna Mungu\u00eda, ministra de la embajada de M\u00e9xico en Londres.<\/p>\n<p>La finalidad de dicho acercamiento fue la de ofrecerle toda la informaci\u00f3n con respecto a este destino tur\u00edstico de Playa del Carmen y lograr proyectos que permitan el reforzamiento del mercado europeo.<\/p>\n<p>Durante las diferentes entrevistas que mantuvo, anunci\u00f3 que el ritmo del jazz volver\u00e1 a latir ahora en la famosa Playa Fundadores, ubicada en el coraz\u00f3n de Playa del Carmen, pues se llevar\u00e1 a cabo la edici\u00f3n 20 del Riviera Maya Jazz Festival, donde la ciudadan\u00eda, as\u00ed como turistas, disfrutar\u00e1n de conciertos bajo las estrellas y en la arena.<\/p>\n<p>Por \u00faltimo, la presidenta municipal recalc\u00f3 que la participaci\u00f3n en ferias tur\u00edsticas nacionales e internacionales juegan un papel importante, ya que son espacios de encuentro de gran alcance que permiten la promoci\u00f3n y posicionamiento del destino en mercados internacionales que generar oportunidades de negocio.<\/p>\n","protected":false},"excerpt":{"rendered":"<p>Roxana Lili Campos Miranda logr\u00f3 la consolidaci\u00f3n de importantes v\u00ednculos con autoridades tur\u00edsticas extranjeras. A fin de posicionar la marca Playa del Carmen en el mercado de turismo global, la presidenta municipal Roxana Lili Campos Miranda logr\u00f3 \u2014durante la feria internacional World Travel Market 2023 (WTM) que se realiza en Londres\u2014 la consolidaci\u00f3n de importantes [&hellip;]<\/p>\n","protected":false},"author":1,"featured_media":30495,"comment_status":"open","ping_status":"closed","sticky":false,"template":"","format":"standard","meta":{"footnotes":""},"categories":[4],"tags":[],"class_list":["post-30493","post","type-post","status-publish","format-standard","has-post-thumbnail","hentry","category-local"],"_links":{"self":[{"href":"https:\/\/solidaridadnews.com\/index.php?rest_route=\/wp\/v2\/posts\/30493","targetHints":{"allow":["GET"]}}],"collection":[{"href":"https:\/\/solidaridadnews.com\/index.php?rest_route=\/wp\/v2\/posts"}],"about":[{"href":"https:\/\/solidaridadnews.com\/index.php?rest_route=\/wp\/v2\/types\/post"}],"author":[{"embeddable":true,"href":"https:\/\/solidaridadnews.com\/index.php?rest_route=\/wp\/v2\/users\/1"}],"replies":[{"embeddable":true,"href":"https:\/\/solidaridadnews.com\/index.php?rest_route=%2Fwp%2Fv2%2Fcomments&post=30493"}],"version-history":[{"count":1,"href":"https:\/\/solidaridadnews.com\/index.php?rest_route=\/wp\/v2\/posts\/30493\/revisions"}],"predecessor-version":[{"id":30494,"href":"https:\/\/solidaridadnews.com\/index.php?rest_route=\/wp\/v2\/posts\/30493\/revisions\/30494"}],"wp:featuredmedia":[{"embeddable":true,"href":"https:\/\/solidaridadnews.com\/index.php?rest_route=\/wp\/v2\/media\/30495"}],"wp:attachment":[{"href":"https:\/\/solidaridadnews.com\/index.php?rest_route=%2Fwp%2Fv2%2Fmedia&parent=30493"}],"wp:term":[{"taxonomy":"category","embeddable":true,"href":"https:\/\/solidaridadnews.com\/index.php?rest_route=%2Fwp%2Fv2%2Fcategories&post=30493"},{"taxonomy":"post_tag","embeddable":true,"href":"https:\/\/solidaridadnews.com\/index.php?rest_route=%2Fwp%2Fv2%2Ftags&post=30493"}],"curies":[{"name":"wp","href":"https:\/\/api.w.org\/{rel}","templated":true}]}}