{"id":30487,"date":"2023-11-18T22:25:47","date_gmt":"2023-11-19T03:25:47","guid":{"rendered":"https:\/\/solidaridadnews.com\/?p=30487"},"modified":"2023-12-01T03:27:13","modified_gmt":"2023-12-01T03:27:13","slug":"playa-del-carmen-inaugura-lili-campos-paradero-en-villas-del-sol","status":"publish","type":"post","link":"https:\/\/solidaridadnews.com\/?p=30487","title":{"rendered":"Playa del Carmen: Inaugura Lili Campos paradero en Villas del Sol"},"content":{"rendered":"<div class=\"single-blog-content mt-30\">\n<h4 style=\"text-align: center;\">Destacan que es uno de los m\u00e1s grandes del municipio, adem\u00e1s de seguro<\/h4>\n<p>Para beneficiar a m\u00e1s de 120 mil habitantes, la presidente municipal de Solidaridad, Lili Campos, inaugur\u00f3 el paradero ubicado en avenida Pavo Real, entre avenida de las Cig\u00fce\u00f1as y CTM, en el fraccionamiento de Villas del Sol; la instalaci\u00f3n es una de las m\u00e1s sofisticadas del municipio.<\/p>\n<p>Con inversi\u00f3n de m\u00e1s de tres millones de pesos, la mun\u00edcipe inform\u00f3 que \u201ceste paradero de Villas del Sol es uno de los m\u00e1s sofisticados y de vanguardia que hoy tiene Solidaridad; la ciudadan\u00eda ya cuenta con esta \u00e1rea segura. Gracias a los solidarenses por confiar en el gobierno de la renovaci\u00f3n\u201d.<\/p>\n<p>Destac\u00f3 que este paradero es uno de los m\u00e1s grandes del municipio, pues mide 20 metros, adem\u00e1s de que es uno de los m\u00e1s seguros, ya que \u201ccuenta con un bot\u00f3n de p\u00e1nico conectado con el centro de monitoreo de la polic\u00eda municipal, pues el eje n\u00famero 1 de nuestro gobierno de la renovaci\u00f3n, que me honro en encabezar, es la seguridad\u201d.<\/p>\n<p>A\u00f1adi\u00f3 que los botones de p\u00e1nico est\u00e1n instalados en los paraderos de la avenida Universidades y en el de la Colosio, tres en total, por lo que la ciudadan\u00eda puede utilizarlos en caso que se presente alguna situaci\u00f3n de riesgo.<\/p>\n<\/div>\n","protected":false},"excerpt":{"rendered":"<p>Destacan que es uno de los m\u00e1s grandes del municipio, adem\u00e1s de seguro Para beneficiar a m\u00e1s de 120 mil habitantes, la presidente municipal de Solidaridad, Lili Campos, inaugur\u00f3 el paradero ubicado en avenida Pavo Real, entre avenida de las Cig\u00fce\u00f1as y CTM, en el fraccionamiento de Villas del Sol; la instalaci\u00f3n es una de [&hellip;]<\/p>\n","protected":false},"author":1,"featured_media":30489,"comment_status":"open","ping_status":"closed","sticky":false,"template":"","format":"standard","meta":{"footnotes":""},"categories":[4],"tags":[],"class_list":["post-30487","post","type-post","status-publish","format-standard","has-post-thumbnail","hentry","category-local"],"_links":{"self":[{"href":"https:\/\/solidaridadnews.com\/index.php?rest_route=\/wp\/v2\/posts\/30487","targetHints":{"allow":["GET"]}}],"collection":[{"href":"https:\/\/solidaridadnews.com\/index.php?rest_route=\/wp\/v2\/posts"}],"about":[{"href":"https:\/\/solidaridadnews.com\/index.php?rest_route=\/wp\/v2\/types\/post"}],"author":[{"embeddable":true,"href":"https:\/\/solidaridadnews.com\/index.php?rest_route=\/wp\/v2\/users\/1"}],"replies":[{"embeddable":true,"href":"https:\/\/solidaridadnews.com\/index.php?rest_route=%2Fwp%2Fv2%2Fcomments&post=30487"}],"version-history":[{"count":1,"href":"https:\/\/solidaridadnews.com\/index.php?rest_route=\/wp\/v2\/posts\/30487\/revisions"}],"predecessor-version":[{"id":30488,"href":"https:\/\/solidaridadnews.com\/index.php?rest_route=\/wp\/v2\/posts\/30487\/revisions\/30488"}],"wp:featuredmedia":[{"embeddable":true,"href":"https:\/\/solidaridadnews.com\/index.php?rest_route=\/wp\/v2\/media\/30489"}],"wp:attachment":[{"href":"https:\/\/solidaridadnews.com\/index.php?rest_route=%2Fwp%2Fv2%2Fmedia&parent=30487"}],"wp:term":[{"taxonomy":"category","embeddable":true,"href":"https:\/\/solidaridadnews.com\/index.php?rest_route=%2Fwp%2Fv2%2Fcategories&post=30487"},{"taxonomy":"post_tag","embeddable":true,"href":"https:\/\/solidaridadnews.com\/index.php?rest_route=%2Fwp%2Fv2%2Ftags&post=30487"}],"curies":[{"name":"wp","href":"https:\/\/api.w.org\/{rel}","templated":true}]}}