{"id":30478,"date":"2023-11-15T20:47:52","date_gmt":"2023-11-16T01:47:52","guid":{"rendered":"https:\/\/solidaridadnews.com\/?p=30478"},"modified":"2023-12-01T01:48:56","modified_gmt":"2023-12-01T01:48:56","slug":"siguen-aumentando-los-contagios-de-vih-en-playa-del-carmen","status":"publish","type":"post","link":"https:\/\/solidaridadnews.com\/?p=30478","title":{"rendered":"Siguen aumentando los contagios de VIH en Playa del Carmen"},"content":{"rendered":"<p class=\"ql-align-justify\"><strong>\u00a0<\/strong>Las personas que est\u00e1n infectadas de VIH y que no tienen el conocimiento de ello son las causantes de contagiar a la poblaci\u00f3n restante que no usa cond\u00f3n o que no toma el tratamiento post exposici\u00f3n despu\u00e9s de haber tenido relaciones sexuales, ya sea su pareja o un encuentro casual.<\/p>\n<p class=\"ql-align-justify\">Al respecto, Rudolf Geers, Presidente de la Asociaci\u00f3n \u00abVida Positiva Playa\u00bb dijo que tan solo en Playa del Carmen tienen un registro de 4 mil casos, mismos que son los que transmiten el virus, incluso algunos de ellos ya lo tienen avanzado, donde ya se diagnostic\u00f3 que tienen SIDA. Por tal motivo, en el marco del D\u00eda Mundial del SIDA, realizan pruebas hasta el d\u00eda s\u00e1bado en la cl\u00ednica del IMSS n\u00famero 11, en un horario de 8 AM a 1:30 PM, donde ya arrojaron 8 positivos con VIH de 100 pruebas que llevan realizadas.<\/p>\n<p class=\"ql-align-justify\">A lo anterior, a\u00f1adi\u00f3 que actualmente en n\u00fameros de contagios la estad\u00edstica se encuentra con las mismas transmisiones que desde hace algunos a\u00f1os, por lo que la tasa sigue aumentando en vez de bajar.<\/p>\n","protected":false},"excerpt":{"rendered":"<p>\u00a0Las personas que est\u00e1n infectadas de VIH y que no tienen el conocimiento de ello son las causantes de contagiar a la poblaci\u00f3n restante que no usa cond\u00f3n o que no toma el tratamiento post exposici\u00f3n despu\u00e9s de haber tenido relaciones sexuales, ya sea su pareja o un encuentro casual. Al respecto, Rudolf Geers, Presidente [&hellip;]<\/p>\n","protected":false},"author":1,"featured_media":30480,"comment_status":"open","ping_status":"closed","sticky":false,"template":"","format":"standard","meta":{"footnotes":""},"categories":[4],"tags":[],"class_list":["post-30478","post","type-post","status-publish","format-standard","has-post-thumbnail","hentry","category-local"],"_links":{"self":[{"href":"https:\/\/solidaridadnews.com\/index.php?rest_route=\/wp\/v2\/posts\/30478","targetHints":{"allow":["GET"]}}],"collection":[{"href":"https:\/\/solidaridadnews.com\/index.php?rest_route=\/wp\/v2\/posts"}],"about":[{"href":"https:\/\/solidaridadnews.com\/index.php?rest_route=\/wp\/v2\/types\/post"}],"author":[{"embeddable":true,"href":"https:\/\/solidaridadnews.com\/index.php?rest_route=\/wp\/v2\/users\/1"}],"replies":[{"embeddable":true,"href":"https:\/\/solidaridadnews.com\/index.php?rest_route=%2Fwp%2Fv2%2Fcomments&post=30478"}],"version-history":[{"count":1,"href":"https:\/\/solidaridadnews.com\/index.php?rest_route=\/wp\/v2\/posts\/30478\/revisions"}],"predecessor-version":[{"id":30479,"href":"https:\/\/solidaridadnews.com\/index.php?rest_route=\/wp\/v2\/posts\/30478\/revisions\/30479"}],"wp:featuredmedia":[{"embeddable":true,"href":"https:\/\/solidaridadnews.com\/index.php?rest_route=\/wp\/v2\/media\/30480"}],"wp:attachment":[{"href":"https:\/\/solidaridadnews.com\/index.php?rest_route=%2Fwp%2Fv2%2Fmedia&parent=30478"}],"wp:term":[{"taxonomy":"category","embeddable":true,"href":"https:\/\/solidaridadnews.com\/index.php?rest_route=%2Fwp%2Fv2%2Fcategories&post=30478"},{"taxonomy":"post_tag","embeddable":true,"href":"https:\/\/solidaridadnews.com\/index.php?rest_route=%2Fwp%2Fv2%2Ftags&post=30478"}],"curies":[{"name":"wp","href":"https:\/\/api.w.org\/{rel}","templated":true}]}}