{"id":30469,"date":"2023-11-12T20:35:27","date_gmt":"2023-11-13T01:35:27","guid":{"rendered":"https:\/\/solidaridadnews.com\/?p=30469"},"modified":"2023-12-01T01:37:11","modified_gmt":"2023-12-01T01:37:11","slug":"realizaran-eliminatoria-de-los-juegos-deportivos-magisteriales-en-playa-del-carmen","status":"publish","type":"post","link":"https:\/\/solidaridadnews.com\/?p=30469","title":{"rendered":"Realizar\u00e1n eliminatoria de los Juegos Deportivos Magisteriales en Playa del Carmen"},"content":{"rendered":"<p>La edici\u00f3n 2023 de los Juegos Deportivos Magisteriales tendr\u00e1 en Playa del Carmen la sede para la definici\u00f3n de los representantes de la zona norte de la secci\u00f3n 25 del SNTE, en el marco de los festejos por el 80 aniversario del gremio de los docentes quintanarroenses, la fiesta deportiva ser\u00e1 el s\u00e1bado 2 de diciembre y se espera una buena afluencia de participantes.<\/p>\n<p>Tras una reuni\u00f3n sostenida en el despacho de la maestra \u00c1ngela S\u00e1nchez, regidora del cabildo solidarense y a la que asistieron el profesor Saul Barbosa, representante de la organizaci\u00f3n 9 de la secci\u00f3n 25 del SNTE, el Lic. Amador Guti\u00e9rrez Guigui, director general del Instituto del Deporte Municipal y el LEF Alejandro Tun, director deportivo del IDM, quienes tomaron los acuerdos para que la actividad sea un \u00e9xito.<\/p>\n<div class=\"stream-item stream-item-in-post stream-item-inline-post aligncenter\"><\/div>\n<p>Al respecto, el titular del deporte solidarense expres\u00f3 que ser\u00e1 grato recibir la visita del magisterio de la zona norte del Estado, \u201cEn Solidaridad los recibimos con alegr\u00eda, reconocemos la gran labor que a diario realizan en las aulas y en las canchas, los ni\u00f1os y j\u00f3venes quintanarroenses est\u00e1n en buenas manos, ser\u00e1n grandes encuentros, la instrucci\u00f3n de la presidenta municipal, Lili Campos, es que unamos esfuerzos para la promoci\u00f3n y el desarrollo del deporte en todos los sectores\u201d, se\u00f1al\u00f3.<\/p>\n<p>Los partidos de f\u00fatbol se realizar\u00e1n en los campos de la unidad deportiva Playa del Carmen, ubicada en la colonia Ejidal, mientras que el b\u00e1squetbol, voleibol y el softbol ser\u00e1n en la unidad deportiva Riviera Maya, en las ramas femenil y varonil, por lo que la invitaci\u00f3n est\u00e1 abierta para quienes deseen asistir y echarle porras a su maestro favorito.<\/p>\n","protected":false},"excerpt":{"rendered":"<p>La edici\u00f3n 2023 de los Juegos Deportivos Magisteriales tendr\u00e1 en Playa del Carmen la sede para la definici\u00f3n de los representantes de la zona norte de la secci\u00f3n 25 del SNTE, en el marco de los festejos por el 80 aniversario del gremio de los docentes quintanarroenses, la fiesta deportiva ser\u00e1 el s\u00e1bado 2 de [&hellip;]<\/p>\n","protected":false},"author":1,"featured_media":30471,"comment_status":"open","ping_status":"closed","sticky":false,"template":"","format":"standard","meta":{"footnotes":""},"categories":[4],"tags":[],"class_list":["post-30469","post","type-post","status-publish","format-standard","has-post-thumbnail","hentry","category-local"],"_links":{"self":[{"href":"https:\/\/solidaridadnews.com\/index.php?rest_route=\/wp\/v2\/posts\/30469","targetHints":{"allow":["GET"]}}],"collection":[{"href":"https:\/\/solidaridadnews.com\/index.php?rest_route=\/wp\/v2\/posts"}],"about":[{"href":"https:\/\/solidaridadnews.com\/index.php?rest_route=\/wp\/v2\/types\/post"}],"author":[{"embeddable":true,"href":"https:\/\/solidaridadnews.com\/index.php?rest_route=\/wp\/v2\/users\/1"}],"replies":[{"embeddable":true,"href":"https:\/\/solidaridadnews.com\/index.php?rest_route=%2Fwp%2Fv2%2Fcomments&post=30469"}],"version-history":[{"count":1,"href":"https:\/\/solidaridadnews.com\/index.php?rest_route=\/wp\/v2\/posts\/30469\/revisions"}],"predecessor-version":[{"id":30470,"href":"https:\/\/solidaridadnews.com\/index.php?rest_route=\/wp\/v2\/posts\/30469\/revisions\/30470"}],"wp:featuredmedia":[{"embeddable":true,"href":"https:\/\/solidaridadnews.com\/index.php?rest_route=\/wp\/v2\/media\/30471"}],"wp:attachment":[{"href":"https:\/\/solidaridadnews.com\/index.php?rest_route=%2Fwp%2Fv2%2Fmedia&parent=30469"}],"wp:term":[{"taxonomy":"category","embeddable":true,"href":"https:\/\/solidaridadnews.com\/index.php?rest_route=%2Fwp%2Fv2%2Fcategories&post=30469"},{"taxonomy":"post_tag","embeddable":true,"href":"https:\/\/solidaridadnews.com\/index.php?rest_route=%2Fwp%2Fv2%2Ftags&post=30469"}],"curies":[{"name":"wp","href":"https:\/\/api.w.org\/{rel}","templated":true}]}}