{"id":30449,"date":"2023-11-09T19:25:04","date_gmt":"2023-11-10T00:25:04","guid":{"rendered":"https:\/\/solidaridadnews.com\/?p=30449"},"modified":"2023-12-01T00:26:50","modified_gmt":"2023-12-01T00:26:50","slug":"trabajan-en-rutas-directas-para-llegar-al-nuevo-aeropuerto-de-tulum-desde-playa","status":"publish","type":"post","link":"https:\/\/solidaridadnews.com\/?p=30449","title":{"rendered":"Trabajan en rutas directas para llegar al nuevo aeropuerto de Tulum desde Playa"},"content":{"rendered":"<div>\n<div class=\"row m-b-15\">\n<div class=\"col-xs-12 col-sm-12 col-md-12 col-lg-12\">\n<h2 class=\"introduction\" style=\"text-align: center;\">Actualmente, para llegar hasta el aeropuerto \u201cFelipe Carrillo Puerto\u201d se tiene que hacer un trasbordo en Muyil.<\/h2>\n<\/div>\n<\/div>\n<\/div>\n<div class=\"row m-b-25\">\n<div class=\"col-xs-12 col-sm-12 col-md-12 col-lg-12 info-extra-new\">\n<p>En torno a la inauguraci\u00f3n del\u00a0<strong>Aeropuerto Internacional de Tulum y el Tren Maya<\/strong>\u00a0en Quintana Roo, la Federaci\u00f3n y el Gobierno del Estado preparan\u00a0<strong>nuevas rutas de transporte que lleven a turistas y trabajadores\u00a0<\/strong>que se emplear\u00e1n en estos proyectos.<\/p>\n<p>La gobernadora Mara Lezama Espinosa, inform\u00f3 que trabajan en an\u00e1lisis de rutas para que trabajadores puedan llegar a sus centros de trabajo, en este caso las estaciones del proyecto ferroviario y el aeropuerto.<\/p>\n<blockquote><p><cite>\u201cEstamos trabajando de manera coordinada con la Secretar\u00eda de Infraestructura Comunicaciones y Transportes, siempre sobre la mesa en el tema de movilidad, no s\u00f3lo el traslado de las y los turistas que van a llegar o se van a ir por el aeropuerto, sino de las y los colaboradores, la gente, las y los quintanarroenses\u201d,<\/cite><\/p><\/blockquote>\n<p>expres\u00f3 la gobernadora de Quintana Roo.<\/p>\n<h2>\u00bfC\u00f3mo llego al aeropuerto de Tulum desde Playa del Carmen?<\/h2>\n<p>Playa del Carmen y el corredor hotelero Riviera Maya quedar\u00e1n entre dos aeropuertos, el Internacional de Canc\u00fan y ahora el Internacional de Tulum, \u201cFelipe Carrillo Puerto\u201d.<\/p>\n<p>Para el primero las rutas de transporte est\u00e1n bien definidas, pero para el de Tulum, a\u00fan no existen rutas plenamente establecidas.<\/p>\n<p>Actualmente, para llegar al Aeropuerto Internacional de Tulum, desde Playa del Carmen, si no se cuenta con transporte privado,\u00a0<strong>se tiene que tomar alguna van o autob\u00fas con destino al sur<\/strong>\u00a0del estado y\u00a0<strong>bajar en la comunidad de Muyil<\/strong>, aunque todav\u00eda no hay una manera segura de acceder a la infraestructura federal.<\/p>\n<blockquote><p><cite>\u201cEn el tema del Tren Maya tambi\u00e9n estamos trabajando, recordemos que son 12 estaciones, en un plan en conjunto para poder acceder a las estaciones, que el servicio p\u00fablico pueda llegar y se pueda mover. Ser\u00e1 un tren en el que no s\u00f3lo se muevan las y los turistas, las y los quintanarroenses: las y los colaboradores, hay mucha gente que vive en Puerto Morelos, pero trabaja en Tulum\u201d,<\/cite><\/p><\/blockquote>\n<p>agreg\u00f3 la ejecutiva estatal.<\/p>\n<\/div>\n<\/div>\n","protected":false},"excerpt":{"rendered":"<p>Actualmente, para llegar hasta el aeropuerto \u201cFelipe Carrillo Puerto\u201d se tiene que hacer un trasbordo en Muyil. En torno a la inauguraci\u00f3n del\u00a0Aeropuerto Internacional de Tulum y el Tren Maya\u00a0en Quintana Roo, la Federaci\u00f3n y el Gobierno del Estado preparan\u00a0nuevas rutas de transporte que lleven a turistas y trabajadores\u00a0que se emplear\u00e1n en estos proyectos. La [&hellip;]<\/p>\n","protected":false},"author":1,"featured_media":30451,"comment_status":"open","ping_status":"closed","sticky":false,"template":"","format":"standard","meta":{"footnotes":""},"categories":[4],"tags":[],"class_list":["post-30449","post","type-post","status-publish","format-standard","has-post-thumbnail","hentry","category-local"],"_links":{"self":[{"href":"https:\/\/solidaridadnews.com\/index.php?rest_route=\/wp\/v2\/posts\/30449","targetHints":{"allow":["GET"]}}],"collection":[{"href":"https:\/\/solidaridadnews.com\/index.php?rest_route=\/wp\/v2\/posts"}],"about":[{"href":"https:\/\/solidaridadnews.com\/index.php?rest_route=\/wp\/v2\/types\/post"}],"author":[{"embeddable":true,"href":"https:\/\/solidaridadnews.com\/index.php?rest_route=\/wp\/v2\/users\/1"}],"replies":[{"embeddable":true,"href":"https:\/\/solidaridadnews.com\/index.php?rest_route=%2Fwp%2Fv2%2Fcomments&post=30449"}],"version-history":[{"count":1,"href":"https:\/\/solidaridadnews.com\/index.php?rest_route=\/wp\/v2\/posts\/30449\/revisions"}],"predecessor-version":[{"id":30450,"href":"https:\/\/solidaridadnews.com\/index.php?rest_route=\/wp\/v2\/posts\/30449\/revisions\/30450"}],"wp:featuredmedia":[{"embeddable":true,"href":"https:\/\/solidaridadnews.com\/index.php?rest_route=\/wp\/v2\/media\/30451"}],"wp:attachment":[{"href":"https:\/\/solidaridadnews.com\/index.php?rest_route=%2Fwp%2Fv2%2Fmedia&parent=30449"}],"wp:term":[{"taxonomy":"category","embeddable":true,"href":"https:\/\/solidaridadnews.com\/index.php?rest_route=%2Fwp%2Fv2%2Fcategories&post=30449"},{"taxonomy":"post_tag","embeddable":true,"href":"https:\/\/solidaridadnews.com\/index.php?rest_route=%2Fwp%2Fv2%2Ftags&post=30449"}],"curies":[{"name":"wp","href":"https:\/\/api.w.org\/{rel}","templated":true}]}}