{"id":30426,"date":"2023-11-29T20:08:11","date_gmt":"2023-11-30T01:08:11","guid":{"rendered":"https:\/\/solidaridadnews.com\/?p=30426"},"modified":"2023-11-30T01:08:12","modified_gmt":"2023-11-30T01:08:12","slug":"alerta-marina-en-playa-del-carmen-cierran-puerto-por-frente-frio-no-12","status":"publish","type":"post","link":"https:\/\/solidaridadnews.com\/?p=30426","title":{"rendered":"Alerta marina en Playa del Carmen: Cierran puerto por Frente Fr\u00edo No.12"},"content":{"rendered":"<div>\n<div class=\"row m-b-15\">\n<div class=\"col-xs-12 col-sm-12 col-md-12 col-lg-12\">\n<h3 class=\"introduction\" style=\"text-align: center;\">M\u00e1s de 200 trabajadores, que se emplean en actividades tur\u00edsticas y acu\u00e1ticas, suspendieron ayer sus labores.<\/h3>\n<\/div>\n<\/div>\n<\/div>\n<div class=\"row m-b-25\">\n<div class=\"col-xs-12 col-sm-12 col-md-12 col-lg-12 info-extra-new\">\n<p>Este martes, el puerto de\u00a0<strong>Playa del Carmen<\/strong>\u00a0fue cerrado a embarcaciones menores debido a la marejada que se registr\u00f3 producto de vientos del norte, que trajo el\u00a0<strong>frente fr\u00edo n\u00famero 12 al municipio de Solidaridad<\/strong>.<\/p>\n<p>Lo anterior represent\u00f3 p\u00e9rdidas para m\u00e1s de\u00a0<strong>200 trabajadores que se emplean en actividades tur\u00edsticas<\/strong>\u00a0y acu\u00e1ticas en el principal tramo costero de Playa del Carmen.<\/p>\n<p><strong>Jos\u00e9 G\u00f3mez Burgos<\/strong>, secretario de la cooperativa tur\u00edstica del Mar Caribe, mencion\u00f3 que esperan que las condiciones mejoren en los siguientes d\u00edas con el pr\u00f3ximo inicio de la temporada alta.<\/p>\n<blockquote><p><cite><em>\u201cTenemos vientos del norte y del noreste y la marejada est\u00e1 constante, eso hace que se dificulte la navegaci\u00f3n, pues se est\u00e1n esperando que las lluvias contin\u00faen por unas horas m\u00e1s\u201d<\/em><\/cite>, dijo ayer en entrevista G\u00f3mez Burgos.<\/p><\/blockquote>\n<p>A primera hora de ayer, la\u00a0<strong>Capitan\u00eda de Puerto de Playa del Carmen<\/strong>\u00a0emiti\u00f3 el aviso de cierre de puerto a embarcaciones menores. A partir de las 12 horas qued\u00f3 prohibida la salida de estas unidades n\u00e1uticas desde<strong>\u00a0Punta P\u00e1jaros a la zona de Punta Maroma<\/strong>.<\/p>\n<p>Playa del Carmen registr\u00f3 lluvias de fuertes a moderadas desde la madrugada del martes. Al mediod\u00eda cesaron, pero en la tarde se volvieron a presentar de manera aislada.<\/p>\n<p>G\u00f3mez Burgos mencion\u00f3 que hasta el pr\u00f3ximo fin de semana las condiciones se volver\u00e1n a recuperar. Ac tualmente la organizaci\u00f3n se encuentra a un 50% de ocupaci\u00f3n de activi dades en alrededor de 25 embarcaciones.<\/p>\n<blockquote><p><em><cite>\u201cEstamos viendo c\u00f3mo es que nos ir\u00e1 en las pr\u00f3ximas semanas con la temporada alta, esperemos que bien, es lo ideal para todos los que estamos prestando el servicio de actividades acu\u00e1ticas\u201d<\/cite>,<\/em>\u00a0agreg\u00f3.<\/p><\/blockquote>\n<p>De acuerdo con el meteor\u00f3logo<strong>\u00a0Luis Antonio Morales Oca\u00f1a<\/strong>, se espera que las condiciones del tiempo mejoren para este mi\u00e9rcoles. Se prev\u00e9n m\u00ednimas de 20 grados cent\u00edgrados, condiciones frescas para la regi\u00f3n.<\/p>\n<p>Prev\u00e9n la llegada de un frente fr\u00edo en forma, cerca de la primera quincena del siguiente mes, aunque con menor probabilidad de lluvia.<\/p>\n<\/div>\n<\/div>\n","protected":false},"excerpt":{"rendered":"<p>M\u00e1s de 200 trabajadores, que se emplean en actividades tur\u00edsticas y acu\u00e1ticas, suspendieron ayer sus labores. Este martes, el puerto de\u00a0Playa del Carmen\u00a0fue cerrado a embarcaciones menores debido a la marejada que se registr\u00f3 producto de vientos del norte, que trajo el\u00a0frente fr\u00edo n\u00famero 12 al municipio de Solidaridad. Lo anterior represent\u00f3 p\u00e9rdidas para m\u00e1s [&hellip;]<\/p>\n","protected":false},"author":1,"featured_media":30428,"comment_status":"open","ping_status":"closed","sticky":false,"template":"","format":"standard","meta":{"footnotes":""},"categories":[4],"tags":[],"class_list":["post-30426","post","type-post","status-publish","format-standard","has-post-thumbnail","hentry","category-local"],"_links":{"self":[{"href":"https:\/\/solidaridadnews.com\/index.php?rest_route=\/wp\/v2\/posts\/30426","targetHints":{"allow":["GET"]}}],"collection":[{"href":"https:\/\/solidaridadnews.com\/index.php?rest_route=\/wp\/v2\/posts"}],"about":[{"href":"https:\/\/solidaridadnews.com\/index.php?rest_route=\/wp\/v2\/types\/post"}],"author":[{"embeddable":true,"href":"https:\/\/solidaridadnews.com\/index.php?rest_route=\/wp\/v2\/users\/1"}],"replies":[{"embeddable":true,"href":"https:\/\/solidaridadnews.com\/index.php?rest_route=%2Fwp%2Fv2%2Fcomments&post=30426"}],"version-history":[{"count":1,"href":"https:\/\/solidaridadnews.com\/index.php?rest_route=\/wp\/v2\/posts\/30426\/revisions"}],"predecessor-version":[{"id":30427,"href":"https:\/\/solidaridadnews.com\/index.php?rest_route=\/wp\/v2\/posts\/30426\/revisions\/30427"}],"wp:featuredmedia":[{"embeddable":true,"href":"https:\/\/solidaridadnews.com\/index.php?rest_route=\/wp\/v2\/media\/30428"}],"wp:attachment":[{"href":"https:\/\/solidaridadnews.com\/index.php?rest_route=%2Fwp%2Fv2%2Fmedia&parent=30426"}],"wp:term":[{"taxonomy":"category","embeddable":true,"href":"https:\/\/solidaridadnews.com\/index.php?rest_route=%2Fwp%2Fv2%2Fcategories&post=30426"},{"taxonomy":"post_tag","embeddable":true,"href":"https:\/\/solidaridadnews.com\/index.php?rest_route=%2Fwp%2Fv2%2Ftags&post=30426"}],"curies":[{"name":"wp","href":"https:\/\/api.w.org\/{rel}","templated":true}]}}