{"id":30393,"date":"2023-11-25T22:29:39","date_gmt":"2023-11-26T03:29:39","guid":{"rendered":"https:\/\/solidaridadnews.com\/?p=30393"},"modified":"2023-11-28T03:30:44","modified_gmt":"2023-11-28T03:30:44","slug":"playa-del-carmen-trabajadores-del-hotel-princess-se-van-a-paro-de-labores","status":"publish","type":"post","link":"https:\/\/solidaridadnews.com\/?p=30393","title":{"rendered":"Playa del Carmen: Trabajadores del Hotel Princess se van a paro de labores"},"content":{"rendered":"<div>\n<div class=\"row m-b-15\">\n<div class=\"col-xs-12 col-sm-12 col-md-12 col-lg-12\">\n<h4 class=\"introduction\" style=\"text-align: center;\">Denuncian al directivo del hotel por un presunto acto de hostigamiento sexual y al gerente de recursos humanos por encubrimiento.<\/h4>\n<\/div>\n<\/div>\n<\/div>\n<div class=\"row m-b-25\">\n<div class=\"col-xs-12 col-sm-12 col-md-12 col-lg-12 info-extra-new\">\n<p>Esta ma\u00f1ana, empleados del\u00a0<strong>Hotel Princess<\/strong>, ubicado en Xcalacoco, Playa del Carmen, llevaron a cabo un paro de labores exigiendo la destituci\u00f3n del director,\u00a0<strong>Rub\u00e9n Mart\u00ednez<\/strong>, y del gerente de recursos humanos,\u00a0<strong>Jos\u00e9 Guti\u00e9rrez<\/strong>.<\/p>\n<p>La movilizaci\u00f3n se origin\u00f3 a ra\u00edz de acusaciones de<strong>\u00a0hostigamiento sexual<\/strong>\u00a0por parte de Rub\u00e9n Mart\u00ednez hacia una empleada del \u00e1rea de bares el pasado 8 de noviembre de este a\u00f1o.<\/p>\n<p>Seg\u00fan una delegada, la afectada denunci\u00f3 el incidente ante recursos humanos, donde Jos\u00e9 Guti\u00e9rrez desestim\u00f3 su queja, menospreci\u00e1ndola y sugiriendo que mantuviera el silencio.<\/p>\n<blockquote><p><cite><em>\u201c<\/em><strong><em>Como mujer ya no tienes valor<\/em><\/strong><em>, lo mejor es que esto se quede entre cuatro paredes, adem\u00e1s le dijo que\u00a0<\/em><strong><em>se ver\u00eda mal si alzaba la voz<\/em><\/strong><em>\u00a0y seguramente nadie le creer\u00eda porque\u00a0<\/em><strong><em>Rub\u00e9n es el director y ella una empleada<\/em><\/strong><em>\u201d<\/em><\/cite>.<\/p>\n<p>La v\u00edctima, tras pasar una semana de incomodidad, finalmente comparti\u00f3 su experiencia con la delegada y otros empleados, lo que desencaden\u00f3 el paro de labores sin una fecha fija para finalizar, en busca de justicia.<\/p>\n<p>La l\u00edder sindical expres\u00f3 su desacuerdo total con la situaci\u00f3n, enfatizando la responsabilidad de proteger a las compa\u00f1eras de trabajo.<\/p>\n<blockquote><p><cite><em>\u201cNosotros, como delegados, estamos en desacuerdo total, ya que tenemos que cuidar a nuestras compa\u00f1eras; tenemos mujeres aqu\u00ed trabajando por necesidad, quienes vienen confiadas, que vienen a un lugar seguro\u201d<\/em><\/cite>, declar\u00f3.<\/p><\/blockquote>\n<p>Hasta el momento,\u00a0<strong>la empleada afectada no ha regresado a laborar por temor a represalias<\/strong>. Se ha confirmado que present\u00f3 una denuncia ante la Fiscal\u00eda General del Estado (FGE), mientras que la empresa no ha emitido declaraciones oficiales sobre el incidente.<\/p>\n<p>La movilizaci\u00f3n de los trabajadores busca visibilizar el caso y la destituci\u00f3n de los presuntos respondables.<\/p><\/blockquote>\n<\/div>\n<\/div>\n","protected":false},"excerpt":{"rendered":"<p>Denuncian al directivo del hotel por un presunto acto de hostigamiento sexual y al gerente de recursos humanos por encubrimiento. Esta ma\u00f1ana, empleados del\u00a0Hotel Princess, ubicado en Xcalacoco, Playa del Carmen, llevaron a cabo un paro de labores exigiendo la destituci\u00f3n del director,\u00a0Rub\u00e9n Mart\u00ednez, y del gerente de recursos humanos,\u00a0Jos\u00e9 Guti\u00e9rrez. La movilizaci\u00f3n se origin\u00f3 [&hellip;]<\/p>\n","protected":false},"author":1,"featured_media":30395,"comment_status":"open","ping_status":"closed","sticky":false,"template":"","format":"standard","meta":{"footnotes":""},"categories":[4],"tags":[],"class_list":["post-30393","post","type-post","status-publish","format-standard","has-post-thumbnail","hentry","category-local"],"_links":{"self":[{"href":"https:\/\/solidaridadnews.com\/index.php?rest_route=\/wp\/v2\/posts\/30393","targetHints":{"allow":["GET"]}}],"collection":[{"href":"https:\/\/solidaridadnews.com\/index.php?rest_route=\/wp\/v2\/posts"}],"about":[{"href":"https:\/\/solidaridadnews.com\/index.php?rest_route=\/wp\/v2\/types\/post"}],"author":[{"embeddable":true,"href":"https:\/\/solidaridadnews.com\/index.php?rest_route=\/wp\/v2\/users\/1"}],"replies":[{"embeddable":true,"href":"https:\/\/solidaridadnews.com\/index.php?rest_route=%2Fwp%2Fv2%2Fcomments&post=30393"}],"version-history":[{"count":1,"href":"https:\/\/solidaridadnews.com\/index.php?rest_route=\/wp\/v2\/posts\/30393\/revisions"}],"predecessor-version":[{"id":30394,"href":"https:\/\/solidaridadnews.com\/index.php?rest_route=\/wp\/v2\/posts\/30393\/revisions\/30394"}],"wp:featuredmedia":[{"embeddable":true,"href":"https:\/\/solidaridadnews.com\/index.php?rest_route=\/wp\/v2\/media\/30395"}],"wp:attachment":[{"href":"https:\/\/solidaridadnews.com\/index.php?rest_route=%2Fwp%2Fv2%2Fmedia&parent=30393"}],"wp:term":[{"taxonomy":"category","embeddable":true,"href":"https:\/\/solidaridadnews.com\/index.php?rest_route=%2Fwp%2Fv2%2Fcategories&post=30393"},{"taxonomy":"post_tag","embeddable":true,"href":"https:\/\/solidaridadnews.com\/index.php?rest_route=%2Fwp%2Fv2%2Ftags&post=30393"}],"curies":[{"name":"wp","href":"https:\/\/api.w.org\/{rel}","templated":true}]}}