{"id":30348,"date":"2023-11-21T15:00:25","date_gmt":"2023-11-21T20:00:25","guid":{"rendered":"https:\/\/solidaridadnews.com\/?p=30348"},"modified":"2023-11-22T05:27:13","modified_gmt":"2023-11-22T05:27:13","slug":"anuncian-carrera-por-el-dia-internacional-de-las-personas-con-discapacidad-en-playa-conoce-los-detalles","status":"publish","type":"post","link":"https:\/\/solidaridadnews.com\/?p=30348","title":{"rendered":"Anuncian carrera por el D\u00eda Internacional de las Personas con Discapacidad en &#8216;Playa&#8217;: Conoce los detalles"},"content":{"rendered":"<div class=\"single-blog-content mt-30\">\n<h3 style=\"text-align: center;\">La competencia tendr\u00e1 distancias de 5 y 10 kil\u00f3metros<\/h3>\n<p>Con motivo del D\u00eda Internacional de las Personas con Discapacidad, que se conmemora el d\u00eda 3 de diciembre de cada a\u00f1o, se llevar\u00e1 a cabo en Playa del Carmen la segunda carrera \u201cCorre conmigo\u201d en distancias de 5 y 10 kil\u00f3metros, con el objetivo de visibilizar a las personas con discapacidad desde su propia perspectiva, as\u00ed como propiciar una inclusi\u00f3n integral y efectiva que permita su reconocimiento social.<\/p>\n<p>Para este evento se unen una vez m\u00e1s las asociaciones Centro de Atenci\u00f3n Integral Playa del Carmen y Asociaci\u00f3n Microtia Quintana Roo, de la mano de Josu\u00e9 Yam, experto organizador de eventos deportivos, todos unidos al movimiento nacional de personas con discapacidad; cuentan tambi\u00e9n con el apoyo de las autoridades municipales.<\/p>\n<p>Se tendr\u00e1 como participantes a grandes atletas deportivos con discapacidad, entre ellos el local Marcos Vel\u00e1zquez y miembros del equipo de b\u00e1squetbol en silla de ruedas Huracanes de Solidaridad, acompa\u00f1ados de los beneficiarios y padres de familia de ambas instituciones antes mencionadas.<\/p>\n<p>Esta carrera ser\u00e1 el pr\u00f3ximo 26 de noviembre a las 7 de la ma\u00f1ana, teniendo como lugar de salida y meta la avenida Ju\u00e1rez con la playa (junto al parque Fundadores), recorriendo la Quinta avenida hasta su final, en la colonia Nicte H\u00e1 y retornando al lugar de salida.<\/p>\n<p>Despu\u00e9s de la carrera habr\u00e1 una actividad recreativa y de concientizaci\u00f3n dirigida por Marcos Vel\u00e1zquez, deportista con discapacidad visual y consistir\u00e1 en una caminata a ciegas donde los participantes recorrer\u00e1n 200 metros con los ojos vendados acompa\u00f1ados de un gu\u00eda. Tambi\u00e9n se contar\u00e1 con un espect\u00e1culo de danza y m\u00fasica por parte de Arte y Conciencia, escuela local de Playa del Carmen.<\/p>\n<p>Todos los participantes al inscribirse obtendr\u00e1n una playera conmemorativa y medalla de participaci\u00f3n. Se premiar\u00e1 a los tres primeros lugares de cada categor\u00eda, que ser\u00e1n: femenil 5 y 10 kil\u00f3metros, varonil 5 y 10 kil\u00f3metros y paraol\u00edmpica. La inscripci\u00f3n tiene un costo de 250 pesos.<\/p>\n<p>Para m\u00e1s informaci\u00f3n, los interesados pueden checar la p\u00e1gina de Facebook de la carrera:\u00a0Corre Conmigo. 5k y 10K\u00a0o comunicarse a los tel\u00e9fonos 984 185 6187 y 984 213 6103.<\/p>\n<\/div>\n","protected":false},"excerpt":{"rendered":"<p>La competencia tendr\u00e1 distancias de 5 y 10 kil\u00f3metros Con motivo del D\u00eda Internacional de las Personas con Discapacidad, que se conmemora el d\u00eda 3 de diciembre de cada a\u00f1o, se llevar\u00e1 a cabo en Playa del Carmen la segunda carrera \u201cCorre conmigo\u201d en distancias de 5 y 10 kil\u00f3metros, con el objetivo de visibilizar [&hellip;]<\/p>\n","protected":false},"author":1,"featured_media":30350,"comment_status":"open","ping_status":"closed","sticky":false,"template":"","format":"standard","meta":{"footnotes":""},"categories":[4],"tags":[],"class_list":["post-30348","post","type-post","status-publish","format-standard","has-post-thumbnail","hentry","category-local"],"_links":{"self":[{"href":"https:\/\/solidaridadnews.com\/index.php?rest_route=\/wp\/v2\/posts\/30348","targetHints":{"allow":["GET"]}}],"collection":[{"href":"https:\/\/solidaridadnews.com\/index.php?rest_route=\/wp\/v2\/posts"}],"about":[{"href":"https:\/\/solidaridadnews.com\/index.php?rest_route=\/wp\/v2\/types\/post"}],"author":[{"embeddable":true,"href":"https:\/\/solidaridadnews.com\/index.php?rest_route=\/wp\/v2\/users\/1"}],"replies":[{"embeddable":true,"href":"https:\/\/solidaridadnews.com\/index.php?rest_route=%2Fwp%2Fv2%2Fcomments&post=30348"}],"version-history":[{"count":1,"href":"https:\/\/solidaridadnews.com\/index.php?rest_route=\/wp\/v2\/posts\/30348\/revisions"}],"predecessor-version":[{"id":30349,"href":"https:\/\/solidaridadnews.com\/index.php?rest_route=\/wp\/v2\/posts\/30348\/revisions\/30349"}],"wp:featuredmedia":[{"embeddable":true,"href":"https:\/\/solidaridadnews.com\/index.php?rest_route=\/wp\/v2\/media\/30350"}],"wp:attachment":[{"href":"https:\/\/solidaridadnews.com\/index.php?rest_route=%2Fwp%2Fv2%2Fmedia&parent=30348"}],"wp:term":[{"taxonomy":"category","embeddable":true,"href":"https:\/\/solidaridadnews.com\/index.php?rest_route=%2Fwp%2Fv2%2Fcategories&post=30348"},{"taxonomy":"post_tag","embeddable":true,"href":"https:\/\/solidaridadnews.com\/index.php?rest_route=%2Fwp%2Fv2%2Ftags&post=30348"}],"curies":[{"name":"wp","href":"https:\/\/api.w.org\/{rel}","templated":true}]}}