{"id":30217,"date":"2023-11-11T18:25:05","date_gmt":"2023-11-11T23:25:05","guid":{"rendered":"https:\/\/solidaridadnews.com\/?p=30217"},"modified":"2023-11-11T23:25:14","modified_gmt":"2023-11-11T23:25:14","slug":"reduccion-de-agua-en-12-alcaldias-de-cdmx-cuales-seran-y-hasta-cuando-se-mantendra-la-medida","status":"publish","type":"post","link":"https:\/\/solidaridadnews.com\/?p=30217","title":{"rendered":"Reducci\u00f3n de agua en 12 alcald\u00edas de CDMX: \u00bfcu\u00e1les ser\u00e1n y hasta cu\u00e1ndo se mantendr\u00e1 la medida?"},"content":{"rendered":"<div class=\"row\">\n<div class=\"col-md-10 col-12\">\n<div class=\"art__hdl\">\n<h4 class=\"art__hdl__opn\" style=\"text-align: center;\">Lista de alcald\u00edas de la CDMX y municipios del EDOMEX que tendr\u00e1n reducci\u00f3n de agua durante seis meses.<\/h4>\n<\/div>\n<\/div>\n<\/div>\n<div class=\"row\">\n<div class=\"col-12\">\n<div class=\"art__me\">\n<div class=\"art__by \">\n<div class=\"art__au\">\n<p class=\"\">La Comisi\u00f3n Nacional del Agua (<b>Conagua<\/b>) inform\u00f3 que una sequ\u00eda que lleva presente en la\u00a0<b>Ciudad de M\u00e9xico\u00a0<\/b>desde hace varios a\u00f1os, continuar\u00e1 afectando a la distribuci\u00f3n del vital l\u00edquido en las 16 alcald\u00edas y municipios del Estado de M\u00e9xico.<\/p>\n<p class=\"\">En los \u00faltimos meses se confirm\u00f3 que este 2023, es un a\u00f1o importante para atacar el tema de la sequ\u00eda, toda vez, que\u00a0<b>el nivel del agua se encuentra en su nivel m\u00e1s bajo desde hace 27 a\u00f1os<\/b>, por lo que, los recortes ser\u00e1n una de las medidas para lograr abastacer igualitariamente a la ciudadan\u00eda.<\/p>\n<p class=\"\">El Sistema de Aguas de la Ciudad de M\u00e9xico (<b>SACMEX<\/b>) comparti\u00f3 un plan para reducir a un 25% el abastecimiento del agua en los pr\u00f3ximos cinco meses, comenzando en diciembre del 2024 y finalizando hasta abril del pr\u00f3ximo a\u00f1o, siempre y cuando, la medida haya dado los resultados esperados.<\/p>\n<p class=\"\"><b>Mart\u00ed Batres,<\/b>\u00a0jefe de Gobierno de la Ciudad de M\u00e9xico inform\u00f3 que en la capital del pa\u00eds y el Estado de M\u00e9xico se aplicar\u00e1 un nuevo recorte de agua debido a que\u00a0<b>el Sistema Cutzamala se encuentra en un nivel muy cr\u00edtico,<\/b>\u00a0sin embargo, enfatiz\u00f3 que este problema no es nuevo y que lleva muchos a\u00f1os.<\/p>\n<p class=\"\">\u201cEl\u00a0<b>Sistema Cutzamala\u00a0<\/b>se encuentra en una situaci\u00f3n cr\u00edtica,\u00a0<b>no ha recibido el agua que regularmente estaba recibiendo, no es un problema nuevo, tiene varios a\u00f1os<\/b>; y, no obstante, tenemos un caudal de agua en el Cutzamala que es menor al que deber\u00edamos tener en este momento para el abastecimiento de la\u00a0<b>Ciudad de M\u00e9xico y del Estado de M\u00e9xico<\/b>\u201d, inform\u00f3 Batres.<\/p>\n<h3 class=\"\"><b>\u00bfC\u00f3mo ser\u00e1 la reducci\u00f3n de agua?<\/b><\/h3>\n<p class=\"\"><b>Citlalli Peraza,\u00a0<\/b>directora del Organismo de Cuenca Aguas del Valle de M\u00e9xico (<b>OCAVM<\/b>), confirm\u00f3 que la\u00a0<b>reducci\u00f3n de agua ser\u00e1 de 12.2 a 9.2 metros c\u00fabicos por segundo<\/b>\u00a0y asegur\u00f3 que ser\u00e1 el recorte m\u00e1s grande del Cutzamala.<\/p>\n<p class=\"\">\u201cDe manera colegiada, Conagua, CAEM y SACMEX han tomado\u00a0<b>la determinaci\u00f3n de reducir a 9.2 metros c\u00fabicos por segundo<\/b>\u00a0en un acto de responsabilidad, para evitar llegar al nivel m\u00ednimo de operaci\u00f3n\u201d, detall\u00f3.<\/p>\n<p class=\"\">Asimismo, revel\u00f3 que el Sistema Cutzamala actualmente s\u00f3lo ofrece el 28 y 30 por ciento de su capacidad, debido a la grave crisis que enfrenta. En el Estado de M\u00e9xico se prev\u00e9 la creaci\u00f3n del lago de Xico-Tl\u00e1huc como alcac\u00e9n de agua de lluvia.<\/p>\n<h3 class=\"\"><b>\u00bfQu\u00e9 alcald\u00edas de la CDMX se ver\u00e1n afectadas?<\/b><\/h3>\n<figure class=\"ext ext-in\">\n<ul>\n<li>Azcapotzalco<\/li>\n<li>\u00c1lvaro Obreg\u00f3n<\/li>\n<li>Benito Ju\u00e1rez<\/li>\n<li>Coyoac\u00e1n<\/li>\n<li>Cuajimalpa<\/li>\n<li>Cuauht\u00e9moc<\/li>\n<li>Iztacalco<\/li>\n<li>Iztapalapa<\/li>\n<li>Magdalena Contreras<\/li>\n<li>Miguel Hidalgo<\/li>\n<li>Tlalpan, y<\/li>\n<li>Venustiano Carranza<\/li>\n<\/ul>\n<\/figure>\n<p class=\"\">Las alcald\u00edas capitalinas en donde hasta el momento<b>\u00a0no se contempla realizar un recorte de agua\u00a0<\/b>son:\u00a0<b>Gustavo A. Madero, Milpa Alta, Tl\u00e1huac, y Xochimilco<\/b>.<\/p>\n<h3 class=\"\"><b>\u00bfQu\u00e9 municipios del EDOMEX resultar\u00e1n afectados?<\/b><\/h3>\n<figure class=\"ext ext-in\">\n<ul>\n<li>Acolman<\/li>\n<li>Atizap\u00e1n de Zaragoza<\/li>\n<li>Coacalco<\/li>\n<li>Cuautitl\u00e1n Izcalli<\/li>\n<li>Ecatepec<\/li>\n<li>Huixquilucan<\/li>\n<li>Naucalpan de Ju\u00e1rez<\/li>\n<li>Nezahualc\u00f3yotl<\/li>\n<li>Nicol\u00e1s Romero<\/li>\n<li>Ocoyoacac<\/li>\n<li>Tecamac<\/li>\n<li>Tlalnepantla<\/li>\n<li>Toluca<\/li>\n<li>Tultitl\u00e1n<\/li>\n<li>Temoaya, y<\/li>\n<li>Lerma.<\/li>\n<\/ul>\n<\/figure>\n<\/div>\n<\/div>\n<\/div>\n<\/div>\n<\/div>\n","protected":false},"excerpt":{"rendered":"<p>Lista de alcald\u00edas de la CDMX y municipios del EDOMEX que tendr\u00e1n reducci\u00f3n de agua durante seis meses. La Comisi\u00f3n Nacional del Agua (Conagua) inform\u00f3 que una sequ\u00eda que lleva presente en la\u00a0Ciudad de M\u00e9xico\u00a0desde hace varios a\u00f1os, continuar\u00e1 afectando a la distribuci\u00f3n del vital l\u00edquido en las 16 alcald\u00edas y municipios del Estado de [&hellip;]<\/p>\n","protected":false},"author":1,"featured_media":30219,"comment_status":"open","ping_status":"closed","sticky":false,"template":"","format":"standard","meta":{"footnotes":""},"categories":[2],"tags":[],"class_list":["post-30217","post","type-post","status-publish","format-standard","has-post-thumbnail","hentry","category-nacional"],"_links":{"self":[{"href":"https:\/\/solidaridadnews.com\/index.php?rest_route=\/wp\/v2\/posts\/30217","targetHints":{"allow":["GET"]}}],"collection":[{"href":"https:\/\/solidaridadnews.com\/index.php?rest_route=\/wp\/v2\/posts"}],"about":[{"href":"https:\/\/solidaridadnews.com\/index.php?rest_route=\/wp\/v2\/types\/post"}],"author":[{"embeddable":true,"href":"https:\/\/solidaridadnews.com\/index.php?rest_route=\/wp\/v2\/users\/1"}],"replies":[{"embeddable":true,"href":"https:\/\/solidaridadnews.com\/index.php?rest_route=%2Fwp%2Fv2%2Fcomments&post=30217"}],"version-history":[{"count":1,"href":"https:\/\/solidaridadnews.com\/index.php?rest_route=\/wp\/v2\/posts\/30217\/revisions"}],"predecessor-version":[{"id":30218,"href":"https:\/\/solidaridadnews.com\/index.php?rest_route=\/wp\/v2\/posts\/30217\/revisions\/30218"}],"wp:featuredmedia":[{"embeddable":true,"href":"https:\/\/solidaridadnews.com\/index.php?rest_route=\/wp\/v2\/media\/30219"}],"wp:attachment":[{"href":"https:\/\/solidaridadnews.com\/index.php?rest_route=%2Fwp%2Fv2%2Fmedia&parent=30217"}],"wp:term":[{"taxonomy":"category","embeddable":true,"href":"https:\/\/solidaridadnews.com\/index.php?rest_route=%2Fwp%2Fv2%2Fcategories&post=30217"},{"taxonomy":"post_tag","embeddable":true,"href":"https:\/\/solidaridadnews.com\/index.php?rest_route=%2Fwp%2Fv2%2Ftags&post=30217"}],"curies":[{"name":"wp","href":"https:\/\/api.w.org\/{rel}","templated":true}]}}