{"id":30211,"date":"2023-11-11T18:16:10","date_gmt":"2023-11-11T23:16:10","guid":{"rendered":"https:\/\/solidaridadnews.com\/?p=30211"},"modified":"2023-11-11T23:16:26","modified_gmt":"2023-11-11T23:16:26","slug":"ferka-confiesa-amorios-con-mujeres-soy-una-mujer-muy-experimentada","status":"publish","type":"post","link":"https:\/\/solidaridadnews.com\/?p=30211","title":{"rendered":"Ferka confiesa amor\u00edos con mujeres: \u00abSoy una mujer muy experimentada\u00bb"},"content":{"rendered":"<div class=\"newsfull__excerpt\">\n<p>La famosa acept\u00f3 haber tenido encuentros con personas de su mismo sexo.<\/p>\n<\/div>\n<div class=\"newsfull__line\">\n<p><strong>Mar\u00eda Fernanda Quiroz,<\/strong>\u00a0conocida como Ferka, abord\u00f3 los rumores sobre su orientaci\u00f3n sexual al confirmar, en un evento de la comunidad\u00a0<strong>LGBT<\/strong>, que ha tenido amor\u00edos con mujeres.<\/p>\n<p>La exparticipante de<strong>\u00a0\u00abLa Casa de los Famosos M\u00e9xico\u00bb<\/strong>\u00a0expres\u00f3 que, aunque no se ha enamorado de una mujer, considera que la sexualidad es fluida y que ha experimentado a sus 37 a\u00f1os.<\/p>\n<div class=\"banner banner--full banner--top\">\n<p>Frente a su novio,\u00a0Jorge Losa, Ferka respondi\u00f3 a los cuestionamientos de la prensa sobre su orientaci\u00f3n sexual, indicando que la diversidad y experimentaci\u00f3n en el amor son parte natural de la vida.<\/p>\n<p>Afirm\u00f3 que cada persona tiene sus propias inquietudes y que<strong>\u00a0el amor es diverso<\/strong>, instando al p\u00fablico a vivir la vida plenamente.<\/p>\n<h2>RECIBI\u00d3 APOYO DE JORGE LOSA<\/h2>\n<p>Jorge Losa respald\u00f3 las declaraciones de Ferka, destacando que le encanta que comparta esos aspectos de su vida, fortaleciendo as\u00ed\u00a0<strong>su relaci\u00f3n.\u00a0<\/strong><\/p>\n<div class=\"banner banner--full banner--top\"><\/div>\n<p>Ferka reiter\u00f3 su apertura a la diversidad y\u00a0<strong>celebr\u00f3 el amor<\/strong>\u00a0en todas sus formas, enfatizando que su alma es de colores.<\/p>\n<p>La actitud positiva de Ferka ante la diversidad y la experimentaci\u00f3n en el amor ha generado comentarios favorables en\u00a0<strong>las redes sociales<\/strong>\u00a0y entre sus seguidores. La pareja, que confirm\u00f3 su relaci\u00f3n hace algunas semanas, ha recibido apoyo y respeto por parte del p\u00fablico.<\/p>\n<\/div>\n<\/div>\n","protected":false},"excerpt":{"rendered":"<p>La famosa acept\u00f3 haber tenido encuentros con personas de su mismo sexo. Mar\u00eda Fernanda Quiroz,\u00a0conocida como Ferka, abord\u00f3 los rumores sobre su orientaci\u00f3n sexual al confirmar, en un evento de la comunidad\u00a0LGBT, que ha tenido amor\u00edos con mujeres. La exparticipante de\u00a0\u00abLa Casa de los Famosos M\u00e9xico\u00bb\u00a0expres\u00f3 que, aunque no se ha enamorado de una mujer, [&hellip;]<\/p>\n","protected":false},"author":1,"featured_media":30213,"comment_status":"open","ping_status":"closed","sticky":false,"template":"","format":"standard","meta":{"footnotes":""},"categories":[3],"tags":[],"class_list":["post-30211","post","type-post","status-publish","format-standard","has-post-thumbnail","hentry","category-espectaculos"],"_links":{"self":[{"href":"https:\/\/solidaridadnews.com\/index.php?rest_route=\/wp\/v2\/posts\/30211","targetHints":{"allow":["GET"]}}],"collection":[{"href":"https:\/\/solidaridadnews.com\/index.php?rest_route=\/wp\/v2\/posts"}],"about":[{"href":"https:\/\/solidaridadnews.com\/index.php?rest_route=\/wp\/v2\/types\/post"}],"author":[{"embeddable":true,"href":"https:\/\/solidaridadnews.com\/index.php?rest_route=\/wp\/v2\/users\/1"}],"replies":[{"embeddable":true,"href":"https:\/\/solidaridadnews.com\/index.php?rest_route=%2Fwp%2Fv2%2Fcomments&post=30211"}],"version-history":[{"count":1,"href":"https:\/\/solidaridadnews.com\/index.php?rest_route=\/wp\/v2\/posts\/30211\/revisions"}],"predecessor-version":[{"id":30212,"href":"https:\/\/solidaridadnews.com\/index.php?rest_route=\/wp\/v2\/posts\/30211\/revisions\/30212"}],"wp:featuredmedia":[{"embeddable":true,"href":"https:\/\/solidaridadnews.com\/index.php?rest_route=\/wp\/v2\/media\/30213"}],"wp:attachment":[{"href":"https:\/\/solidaridadnews.com\/index.php?rest_route=%2Fwp%2Fv2%2Fmedia&parent=30211"}],"wp:term":[{"taxonomy":"category","embeddable":true,"href":"https:\/\/solidaridadnews.com\/index.php?rest_route=%2Fwp%2Fv2%2Fcategories&post=30211"},{"taxonomy":"post_tag","embeddable":true,"href":"https:\/\/solidaridadnews.com\/index.php?rest_route=%2Fwp%2Fv2%2Ftags&post=30211"}],"curies":[{"name":"wp","href":"https:\/\/api.w.org\/{rel}","templated":true}]}}