{"id":30148,"date":"2023-11-06T21:08:57","date_gmt":"2023-11-07T02:08:57","guid":{"rendered":"https:\/\/solidaridadnews.com\/?p=30148"},"modified":"2023-11-07T02:08:59","modified_gmt":"2023-11-07T02:08:59","slug":"han-clausurado-28-bares-de-playa-del-carmen-en-seis-meses","status":"publish","type":"post","link":"https:\/\/solidaridadnews.com\/?p=30148","title":{"rendered":"Han clausurado 28 bares de Playa del Carmen en seis meses"},"content":{"rendered":"<p class=\"ql-align-justify\">A ra\u00edz de la ejecuci\u00f3n de cuatro fiscales y el refuerzo de los operativos, en lo que va de seis meses se han clausurado 28 bares por diversas irregularidades, as\u00ed lo dio a conocer el titular de la Secretar\u00eda de Seguridad P\u00fablica de Solidaridad, Ra\u00fal Tassinari Gonz\u00e1lez.<\/p>\n<p class=\"ql-align-justify\">Indic\u00f3 que esta situaci\u00f3n es para brindar seguridad tanto a la ciudadan\u00eda en general como a los empresarios que se dedican a los giros de sano esparcimiento nocturno.<\/p>\n<p class=\"ql-align-justify\">En cuanto a las manifestaciones de Israel\u00edes y Palestinos, el Secretario dijo que se les ha estado dando seguridad a sus movilizaciones, as\u00ed como a las sinagogas, esto luego de la situaci\u00f3n b\u00e9lica que atraviesan estos pa\u00edses.<\/p>\n","protected":false},"excerpt":{"rendered":"<p>A ra\u00edz de la ejecuci\u00f3n de cuatro fiscales y el refuerzo de los operativos, en lo que va de seis meses se han clausurado 28 bares por diversas irregularidades, as\u00ed lo dio a conocer el titular de la Secretar\u00eda de Seguridad P\u00fablica de Solidaridad, Ra\u00fal Tassinari Gonz\u00e1lez. Indic\u00f3 que esta situaci\u00f3n es para brindar seguridad [&hellip;]<\/p>\n","protected":false},"author":1,"featured_media":30150,"comment_status":"open","ping_status":"closed","sticky":false,"template":"","format":"standard","meta":{"footnotes":""},"categories":[4],"tags":[],"class_list":["post-30148","post","type-post","status-publish","format-standard","has-post-thumbnail","hentry","category-local"],"_links":{"self":[{"href":"https:\/\/solidaridadnews.com\/index.php?rest_route=\/wp\/v2\/posts\/30148","targetHints":{"allow":["GET"]}}],"collection":[{"href":"https:\/\/solidaridadnews.com\/index.php?rest_route=\/wp\/v2\/posts"}],"about":[{"href":"https:\/\/solidaridadnews.com\/index.php?rest_route=\/wp\/v2\/types\/post"}],"author":[{"embeddable":true,"href":"https:\/\/solidaridadnews.com\/index.php?rest_route=\/wp\/v2\/users\/1"}],"replies":[{"embeddable":true,"href":"https:\/\/solidaridadnews.com\/index.php?rest_route=%2Fwp%2Fv2%2Fcomments&post=30148"}],"version-history":[{"count":1,"href":"https:\/\/solidaridadnews.com\/index.php?rest_route=\/wp\/v2\/posts\/30148\/revisions"}],"predecessor-version":[{"id":30149,"href":"https:\/\/solidaridadnews.com\/index.php?rest_route=\/wp\/v2\/posts\/30148\/revisions\/30149"}],"wp:featuredmedia":[{"embeddable":true,"href":"https:\/\/solidaridadnews.com\/index.php?rest_route=\/wp\/v2\/media\/30150"}],"wp:attachment":[{"href":"https:\/\/solidaridadnews.com\/index.php?rest_route=%2Fwp%2Fv2%2Fmedia&parent=30148"}],"wp:term":[{"taxonomy":"category","embeddable":true,"href":"https:\/\/solidaridadnews.com\/index.php?rest_route=%2Fwp%2Fv2%2Fcategories&post=30148"},{"taxonomy":"post_tag","embeddable":true,"href":"https:\/\/solidaridadnews.com\/index.php?rest_route=%2Fwp%2Fv2%2Ftags&post=30148"}],"curies":[{"name":"wp","href":"https:\/\/api.w.org\/{rel}","templated":true}]}}