{"id":30141,"date":"2023-11-05T09:07:13","date_gmt":"2023-11-05T14:07:13","guid":{"rendered":"https:\/\/solidaridadnews.com\/?p=30141"},"modified":"2023-11-06T14:08:47","modified_gmt":"2023-11-06T14:08:47","slug":"pitty-la-numerologa-caso-a-celeste-muriega-y-christian-sancho-en-playa-del-carmen","status":"publish","type":"post","link":"https:\/\/solidaridadnews.com\/?p=30141","title":{"rendered":"Pitty la numer\u00f3loga cas\u00f3 a Celeste Muriega y Christian Sancho en Playa del Carmen"},"content":{"rendered":"<p>La bailarina y el modelo dieron el s\u00ed con los pies en la arena y viento de mar en la cara. Y compartieron algunas im\u00e1genes con sus seguidores en las redes sociales.<\/p>\n<p>Finalmente dieron el \u00abS\u00ed, Quiero\u00bb en una rom\u00e1ntica e \u00edntima ceremonia que realizaron en Playa del Carmen.<\/p>\n<p>En un video que comparti\u00f3 la bailarina en las redes sociales, mostr\u00f3 c\u00f3mo la pareja vivi\u00f3 uno de los d\u00edas m\u00e1s especiales de su vida. Solo puso tres emojis:\u00a0<strong>un anillo, un coraz\u00f3n y un s\u00edmbolo infinito.<\/strong><\/p>\n<p>Con el oficio de\u00a0Pitty la Numer\u00f3loga\u00a0y con los pies en la arena, a metros del mar, se prometieron amor para toda la vida. Si bien el d\u00eda no acompa\u00f1\u00f3 del todo,<strong>\u00a0entre las nubes y el viento lograron captar unas pocas pero emocionantes im\u00e1genes.<\/strong><\/p>\n<h2 class=\"wp-block-heading\">La historia de amor de Christian Sancho y Celeste Muriega<\/h2>\n<p>Si bien ambos mantienen un perfil bajo, la relaci\u00f3n de\u00a0<strong>Celeste Muriega\u00a0<\/strong>y\u00a0<strong>Christian Sancho<\/strong>\u00a0sorprendi\u00f3 a todos, ya que se conocieron trabajando en la obra\u00a0<em>Sex<\/em>, dirigida por\u00a0Jos\u00e9 Mar\u00eda Muscari.<\/p>\n<p>\u00abHace seis meses que estamos y parecen seis a\u00f1os.\u00a0<strong>Ya estamos viviendo juntos<\/strong>\u00ab, comenz\u00f3 contando la bailarina en una entrevista, mientras su novio asent\u00eda. \u00abDesde el primer momento que me lo nombraron me gener\u00f3 algo\u00bb, asegur\u00f3\u00a0<strong>Celeste.<\/strong><\/p>\n<p>\u00abTodos me dec\u00edan que era la versi\u00f3n femenina de \u00e9l. Igual,\u00a0<strong>cuando nos conocimos \u00e9l no me prestaba mucha atenci\u00f3n<\/strong>\u00ab, asegur\u00f3. Pero oficialmente, todo comenz\u00f3 cuando \u00e9l vio que ella ten\u00eda el auto chocado y le pas\u00f3 un contacto para que se lo arreglen.<\/p>\n<p><strong>\u00abCon la excusa del auto le habl\u00e9 y comenzamos a charlar. Era un canje y \u00e9l me lo dio\u00bb, relat\u00f3 ella entre risas.<\/strong><\/p>\n","protected":false},"excerpt":{"rendered":"<p>La bailarina y el modelo dieron el s\u00ed con los pies en la arena y viento de mar en la cara. Y compartieron algunas im\u00e1genes con sus seguidores en las redes sociales. Finalmente dieron el \u00abS\u00ed, Quiero\u00bb en una rom\u00e1ntica e \u00edntima ceremonia que realizaron en Playa del Carmen. En un video que comparti\u00f3 la [&hellip;]<\/p>\n","protected":false},"author":1,"featured_media":30143,"comment_status":"open","ping_status":"closed","sticky":false,"template":"","format":"standard","meta":{"footnotes":""},"categories":[4],"tags":[],"class_list":["post-30141","post","type-post","status-publish","format-standard","has-post-thumbnail","hentry","category-local"],"_links":{"self":[{"href":"https:\/\/solidaridadnews.com\/index.php?rest_route=\/wp\/v2\/posts\/30141","targetHints":{"allow":["GET"]}}],"collection":[{"href":"https:\/\/solidaridadnews.com\/index.php?rest_route=\/wp\/v2\/posts"}],"about":[{"href":"https:\/\/solidaridadnews.com\/index.php?rest_route=\/wp\/v2\/types\/post"}],"author":[{"embeddable":true,"href":"https:\/\/solidaridadnews.com\/index.php?rest_route=\/wp\/v2\/users\/1"}],"replies":[{"embeddable":true,"href":"https:\/\/solidaridadnews.com\/index.php?rest_route=%2Fwp%2Fv2%2Fcomments&post=30141"}],"version-history":[{"count":1,"href":"https:\/\/solidaridadnews.com\/index.php?rest_route=\/wp\/v2\/posts\/30141\/revisions"}],"predecessor-version":[{"id":30142,"href":"https:\/\/solidaridadnews.com\/index.php?rest_route=\/wp\/v2\/posts\/30141\/revisions\/30142"}],"wp:featuredmedia":[{"embeddable":true,"href":"https:\/\/solidaridadnews.com\/index.php?rest_route=\/wp\/v2\/media\/30143"}],"wp:attachment":[{"href":"https:\/\/solidaridadnews.com\/index.php?rest_route=%2Fwp%2Fv2%2Fmedia&parent=30141"}],"wp:term":[{"taxonomy":"category","embeddable":true,"href":"https:\/\/solidaridadnews.com\/index.php?rest_route=%2Fwp%2Fv2%2Fcategories&post=30141"},{"taxonomy":"post_tag","embeddable":true,"href":"https:\/\/solidaridadnews.com\/index.php?rest_route=%2Fwp%2Fv2%2Ftags&post=30141"}],"curies":[{"name":"wp","href":"https:\/\/api.w.org\/{rel}","templated":true}]}}