{"id":30048,"date":"2023-10-31T20:52:56","date_gmt":"2023-11-01T01:52:56","guid":{"rendered":"https:\/\/solidaridadnews.com\/?p=30048"},"modified":"2023-11-01T01:52:58","modified_gmt":"2023-11-01T01:52:58","slug":"inauguracion-de-aeropuerto-de-tulum-diversificara-comercio-en-playa-del-carmen","status":"publish","type":"post","link":"https:\/\/solidaridadnews.com\/?p=30048","title":{"rendered":"Inauguraci\u00f3n de Aeropuerto de Tulum diversificar\u00e1 comercio en Playa del Carmen"},"content":{"rendered":"<div>\n<div class=\"row m-b-15\">\n<div class=\"col-xs-12 col-sm-12 col-md-12 col-lg-12\">\n<h4 class=\"introduction\" style=\"text-align: center;\">Este proyecto, se ubica en los terrenos ejidales de Chunyaxch\u00e9, aleda\u00f1o a la comunidad de Muyil.<\/h4>\n<\/div>\n<\/div>\n<\/div>\n<div class=\"row m-b-25\">\n<div class=\"col-xs-12 col-sm-12 col-md-12 col-lg-12 info-extra-new\">\n<p>Con la pronta inauguraci\u00f3n del\u00a0<strong>Aeropuerto Internacional de Tulum<\/strong>, la diversificaci\u00f3n comercial se reflejar\u00e1 en Playa del Carmen por las\u00a0<strong>dos v\u00edas a\u00e9reas<\/strong>\u00a0con las que contar\u00e1n empresarios.<\/p>\n<p>Ra\u00fal Aguilar Acosta, secretario de\u00a0<strong>Desarrollo Econ\u00f3mico y Atracci\u00f3n de Inversiones<\/strong>, mencion\u00f3 que, aunque el Aeropuerto Internacional de Canc\u00fan seguir\u00e1 siendo m\u00e1s cercano, el otro aeropuerto servir\u00e1 para aterrizar m\u00e1s productos a la localidad, principalmente de circulaci\u00f3n nacional.<\/p>\n<blockquote><p>\u201cPlaya del Carmen quedar\u00e1 en el centro de tres aeropuertos: Canc\u00fan, Cozumel y pr\u00f3ximamente Felipe Carrillo Puerto. Vamos a tener dos alternativas para la diversificaci\u00f3n, obviamente nos queda m\u00e1s cerca Canc\u00fan, pero habr\u00e1 una alternativa y diversificaci\u00f3n\u201d, expuso Aguilar Acosta.<\/p><\/blockquote>\n<p>El proyecto del Aeropuerto Internacional de Tulum, tambi\u00e9n denominado Felipe Carrillo Puerto, se ubica en los terrenos ejidales de Chunyaxch\u00e9, aleda\u00f1o a la comunidad de Muyil y a aproximadamente\u00a0<strong>20 minutos del centro de Tulum<\/strong>.<\/p>\n<p>Inauguraci\u00f3n de Aeropuerto de Tulum diversificar\u00e1 comercio en Playa del Carmen \/ (Foto: Sipse)<\/p>\n<p>De acuerdo con informaci\u00f3n del Gobierno de M\u00e9xico, se prev\u00e9 su inauguraci\u00f3n en el mes de diciembre. Aunque la semana pasada fue bloqueado por comuneros debido a los problemas locales con la tenencia de la tierra.<\/p>\n<p>Ra\u00fal Aguilar Acosta mencion\u00f3 que este proyecto es uno de los que ha reactivado la econom\u00eda no s\u00f3lo local, sino de otras latitudes con respecto a su naturaleza econ\u00f3mica.<\/p>\n<blockquote><p>\u201cToda obra p\u00fablica o privada genera desarrollo econ\u00f3mico, sobre todo empleo, empleo con los constructores, ingenieros, la proveedur\u00eda, las minas con los materiales, genera un impacto positivo en las ciudades\u201d, agreg\u00f3.<\/p><\/blockquote>\n<p>El Aeropuerto Internacional de Tulum se encuentra aparejado al\u00a0<strong>Tren Maya tramo 6<\/strong>, que corre de Tulum a Chetumal. En el lugar habr\u00e1 una estaci\u00f3n del ferrocarril, aunque sobre este segmento de la obra no se ha dado a conocer si se inaugurar\u00e1 tambi\u00e9n para el pr\u00f3ximo mes.<\/p>\n<p>Los trabajos son ejecutados por personal de los ingenieros militares de la\u00a0<strong>Secretar\u00eda de la Defensa Nacional<\/strong>\u00a0(Sedena) que se encargan de la edificaci\u00f3n del proyecto federal tambi\u00e9n en varios tramos de Quintana Roo con el Tren Maya.<\/p>\n<\/div>\n<\/div>\n","protected":false},"excerpt":{"rendered":"<p>Este proyecto, se ubica en los terrenos ejidales de Chunyaxch\u00e9, aleda\u00f1o a la comunidad de Muyil. Con la pronta inauguraci\u00f3n del\u00a0Aeropuerto Internacional de Tulum, la diversificaci\u00f3n comercial se reflejar\u00e1 en Playa del Carmen por las\u00a0dos v\u00edas a\u00e9reas\u00a0con las que contar\u00e1n empresarios. Ra\u00fal Aguilar Acosta, secretario de\u00a0Desarrollo Econ\u00f3mico y Atracci\u00f3n de Inversiones, mencion\u00f3 que, aunque el [&hellip;]<\/p>\n","protected":false},"author":1,"featured_media":30050,"comment_status":"open","ping_status":"closed","sticky":false,"template":"","format":"standard","meta":{"footnotes":""},"categories":[4],"tags":[],"class_list":["post-30048","post","type-post","status-publish","format-standard","has-post-thumbnail","hentry","category-local"],"_links":{"self":[{"href":"https:\/\/solidaridadnews.com\/index.php?rest_route=\/wp\/v2\/posts\/30048","targetHints":{"allow":["GET"]}}],"collection":[{"href":"https:\/\/solidaridadnews.com\/index.php?rest_route=\/wp\/v2\/posts"}],"about":[{"href":"https:\/\/solidaridadnews.com\/index.php?rest_route=\/wp\/v2\/types\/post"}],"author":[{"embeddable":true,"href":"https:\/\/solidaridadnews.com\/index.php?rest_route=\/wp\/v2\/users\/1"}],"replies":[{"embeddable":true,"href":"https:\/\/solidaridadnews.com\/index.php?rest_route=%2Fwp%2Fv2%2Fcomments&post=30048"}],"version-history":[{"count":1,"href":"https:\/\/solidaridadnews.com\/index.php?rest_route=\/wp\/v2\/posts\/30048\/revisions"}],"predecessor-version":[{"id":30049,"href":"https:\/\/solidaridadnews.com\/index.php?rest_route=\/wp\/v2\/posts\/30048\/revisions\/30049"}],"wp:featuredmedia":[{"embeddable":true,"href":"https:\/\/solidaridadnews.com\/index.php?rest_route=\/wp\/v2\/media\/30050"}],"wp:attachment":[{"href":"https:\/\/solidaridadnews.com\/index.php?rest_route=%2Fwp%2Fv2%2Fmedia&parent=30048"}],"wp:term":[{"taxonomy":"category","embeddable":true,"href":"https:\/\/solidaridadnews.com\/index.php?rest_route=%2Fwp%2Fv2%2Fcategories&post=30048"},{"taxonomy":"post_tag","embeddable":true,"href":"https:\/\/solidaridadnews.com\/index.php?rest_route=%2Fwp%2Fv2%2Ftags&post=30048"}],"curies":[{"name":"wp","href":"https:\/\/api.w.org\/{rel}","templated":true}]}}