{"id":30030,"date":"2023-10-30T16:06:15","date_gmt":"2023-10-30T21:06:15","guid":{"rendered":"https:\/\/solidaridadnews.com\/?p=30030"},"modified":"2023-10-30T21:06:16","modified_gmt":"2023-10-30T21:06:16","slug":"buscan-iluminar-asentamientos-retirados-de-playa-del-carmen","status":"publish","type":"post","link":"https:\/\/solidaridadnews.com\/?p=30030","title":{"rendered":"Buscan iluminar asentamientos retirados de Playa del Carmen"},"content":{"rendered":"<p class=\"ql-align-justify\">M\u00e1s de 7 mil 500 personas habitantes de los asentamientos de la zona norponiente de la ciudad ser\u00e1n beneficiados con iluminaci\u00f3n o foto celdas, as\u00ed lo inform\u00f3 el titular de la Secretar\u00eda de Justicia Social y Participaci\u00f3n Ciudadana, Santiago Ch\u00e1vez.<\/p>\n<p class=\"ql-align-justify\">Explic\u00f3 que ya tuvieron una primera reuni\u00f3n con la Comisi\u00f3n Federal de Electricidad (CFE), misma que por su parte est\u00e1 haciendo recorridos por la zona para ver la opci\u00f3n m\u00e1s viable para dotar de alumbrado y electricidad a los habitantes.<\/p>\n<p class=\"ql-align-justify\">En ese sentido, dijo que por su parte, y en las reuniones que han tenido con los ciudadanos, de la zona, las principales demandas que les han hecho la observaci\u00f3n, es el mal estado de los accesos a los asentamientos, tanto por abandono como por las inclemencias del tiempo.<\/p>\n","protected":false},"excerpt":{"rendered":"<p>M\u00e1s de 7 mil 500 personas habitantes de los asentamientos de la zona norponiente de la ciudad ser\u00e1n beneficiados con iluminaci\u00f3n o foto celdas, as\u00ed lo inform\u00f3 el titular de la Secretar\u00eda de Justicia Social y Participaci\u00f3n Ciudadana, Santiago Ch\u00e1vez. Explic\u00f3 que ya tuvieron una primera reuni\u00f3n con la Comisi\u00f3n Federal de Electricidad (CFE), misma [&hellip;]<\/p>\n","protected":false},"author":1,"featured_media":30032,"comment_status":"open","ping_status":"closed","sticky":false,"template":"","format":"standard","meta":{"footnotes":""},"categories":[4],"tags":[],"class_list":["post-30030","post","type-post","status-publish","format-standard","has-post-thumbnail","hentry","category-local"],"_links":{"self":[{"href":"https:\/\/solidaridadnews.com\/index.php?rest_route=\/wp\/v2\/posts\/30030","targetHints":{"allow":["GET"]}}],"collection":[{"href":"https:\/\/solidaridadnews.com\/index.php?rest_route=\/wp\/v2\/posts"}],"about":[{"href":"https:\/\/solidaridadnews.com\/index.php?rest_route=\/wp\/v2\/types\/post"}],"author":[{"embeddable":true,"href":"https:\/\/solidaridadnews.com\/index.php?rest_route=\/wp\/v2\/users\/1"}],"replies":[{"embeddable":true,"href":"https:\/\/solidaridadnews.com\/index.php?rest_route=%2Fwp%2Fv2%2Fcomments&post=30030"}],"version-history":[{"count":1,"href":"https:\/\/solidaridadnews.com\/index.php?rest_route=\/wp\/v2\/posts\/30030\/revisions"}],"predecessor-version":[{"id":30031,"href":"https:\/\/solidaridadnews.com\/index.php?rest_route=\/wp\/v2\/posts\/30030\/revisions\/30031"}],"wp:featuredmedia":[{"embeddable":true,"href":"https:\/\/solidaridadnews.com\/index.php?rest_route=\/wp\/v2\/media\/30032"}],"wp:attachment":[{"href":"https:\/\/solidaridadnews.com\/index.php?rest_route=%2Fwp%2Fv2%2Fmedia&parent=30030"}],"wp:term":[{"taxonomy":"category","embeddable":true,"href":"https:\/\/solidaridadnews.com\/index.php?rest_route=%2Fwp%2Fv2%2Fcategories&post=30030"},{"taxonomy":"post_tag","embeddable":true,"href":"https:\/\/solidaridadnews.com\/index.php?rest_route=%2Fwp%2Fv2%2Ftags&post=30030"}],"curies":[{"name":"wp","href":"https:\/\/api.w.org\/{rel}","templated":true}]}}