{"id":29922,"date":"2023-10-23T14:58:50","date_gmt":"2023-10-23T19:58:50","guid":{"rendered":"https:\/\/solidaridadnews.com\/?p=29922"},"modified":"2023-10-23T19:58:51","modified_gmt":"2023-10-23T19:58:51","slug":"estefania-mercado-entrega-mas-apoyo-social-a-familias-de-playa-del-carmen","status":"publish","type":"post","link":"https:\/\/solidaridadnews.com\/?p=29922","title":{"rendered":"Estefan\u00eda Mercado entrega m\u00e1s apoyo social a familias de Playa del Carmen"},"content":{"rendered":"<h4>Con el programa \u201cTechitos Dignos\u201d, Estefan\u00eda Mercado apoya con l\u00e1minas galvanizadas a familias en condiciones de vulnerabilidad de las colonias In House y Tumben Chilam.<\/h4>\n<p>Playa del Carmen, Quintana Roo, 22 de octubre de 2023.\u2014 En atenci\u00f3n a los sectores m\u00e1s vulnerables de Playa del Carmen, la Diputada Estefan\u00eda Mercado entreg\u00f3 esta tarde, l\u00e1minas galvanizadas a familias de las colonias In House y Tumben Chilam.<\/p>\n<p>A trav\u00e9s del programa \u00abTechitos Dignos\u00bb, cuyo prop\u00f3sito es dignificar los hogares de los solidarenses en situaci\u00f3n de vulnerabilidad, Estefan\u00eda Mercado entreg\u00f3 apoyos sociales a las familias de ambas colonias populares.<\/p>\n<p>\u00abDesde el Congreso del Estado seguiremos trabajando para que las familias de Solidaridad puedan mejorar su calidad de vida, y continuaremos aterrizando m\u00e1s proyectos que les beneficien\u00bb, expres\u00f3 la Diputada Estefan\u00eda al hacer entrega de los apoyos.<span class=\"Apple-converted-space\">\u00a0<\/span><\/p>\n<p>Las y los beneficiados de este programa agradecieron de manera personal a la Diputada local por estos apoyos consistentes en l\u00e1minas galvanizadas de 6 metros de largo por 80 cent\u00edmetros de largo, de excelente calidad, para mejorar sus viviendas.<\/p>\n<p>\u00abSeguimos el ejemplo que nos da nuestra Gobernadora Mara Lezama, de territorio y no de escritorio, por eso, nuestro trabajo de gesti\u00f3n social para llevar m\u00e1s beneficios a nuestra gente en condiciones de vulnerabilidad, continuar\u00e1 en todas las colonias de Playa del Carmen y Solidaridad\u00bb, puntualiz\u00f3 Estefania Mercado.<\/p>\n","protected":false},"excerpt":{"rendered":"<p>Con el programa \u201cTechitos Dignos\u201d, Estefan\u00eda Mercado apoya con l\u00e1minas galvanizadas a familias en condiciones de vulnerabilidad de las colonias In House y Tumben Chilam. Playa del Carmen, Quintana Roo, 22 de octubre de 2023.\u2014 En atenci\u00f3n a los sectores m\u00e1s vulnerables de Playa del Carmen, la Diputada Estefan\u00eda Mercado entreg\u00f3 esta tarde, l\u00e1minas galvanizadas [&hellip;]<\/p>\n","protected":false},"author":1,"featured_media":29924,"comment_status":"open","ping_status":"closed","sticky":false,"template":"","format":"standard","meta":{"footnotes":""},"categories":[4],"tags":[],"class_list":["post-29922","post","type-post","status-publish","format-standard","has-post-thumbnail","hentry","category-local"],"_links":{"self":[{"href":"https:\/\/solidaridadnews.com\/index.php?rest_route=\/wp\/v2\/posts\/29922","targetHints":{"allow":["GET"]}}],"collection":[{"href":"https:\/\/solidaridadnews.com\/index.php?rest_route=\/wp\/v2\/posts"}],"about":[{"href":"https:\/\/solidaridadnews.com\/index.php?rest_route=\/wp\/v2\/types\/post"}],"author":[{"embeddable":true,"href":"https:\/\/solidaridadnews.com\/index.php?rest_route=\/wp\/v2\/users\/1"}],"replies":[{"embeddable":true,"href":"https:\/\/solidaridadnews.com\/index.php?rest_route=%2Fwp%2Fv2%2Fcomments&post=29922"}],"version-history":[{"count":1,"href":"https:\/\/solidaridadnews.com\/index.php?rest_route=\/wp\/v2\/posts\/29922\/revisions"}],"predecessor-version":[{"id":29923,"href":"https:\/\/solidaridadnews.com\/index.php?rest_route=\/wp\/v2\/posts\/29922\/revisions\/29923"}],"wp:featuredmedia":[{"embeddable":true,"href":"https:\/\/solidaridadnews.com\/index.php?rest_route=\/wp\/v2\/media\/29924"}],"wp:attachment":[{"href":"https:\/\/solidaridadnews.com\/index.php?rest_route=%2Fwp%2Fv2%2Fmedia&parent=29922"}],"wp:term":[{"taxonomy":"category","embeddable":true,"href":"https:\/\/solidaridadnews.com\/index.php?rest_route=%2Fwp%2Fv2%2Fcategories&post=29922"},{"taxonomy":"post_tag","embeddable":true,"href":"https:\/\/solidaridadnews.com\/index.php?rest_route=%2Fwp%2Fv2%2Ftags&post=29922"}],"curies":[{"name":"wp","href":"https:\/\/api.w.org\/{rel}","templated":true}]}}