{"id":29859,"date":"2023-10-19T23:31:23","date_gmt":"2023-10-20T04:31:23","guid":{"rendered":"https:\/\/solidaridadnews.com\/?p=29859"},"modified":"2023-10-20T04:31:24","modified_gmt":"2023-10-20T04:31:24","slug":"fortalecen-en-playa-del-carmen-espacios-para-emprendedores-locales","status":"publish","type":"post","link":"https:\/\/solidaridadnews.com\/?p=29859","title":{"rendered":"Fortalecen en Playa del Carmen espacios para emprendedores locales"},"content":{"rendered":"<p>Con la puesta en marcha de programas que impulsan y generan ingresos a la ciudadan\u00eda, la presidenta municipal de Solidaridad, Roxana Lili Campos Miranda, reafirma su compromiso con el desarrollo econ\u00f3mico, igualdad de g\u00e9nero, empoderamiento y la calidad de vida de las familias.<\/p>\n<p>\u201cMe siento muy orgullosa de impulsar y dar a conocer los productos hechos por manos solidarenses y contribuir a mejorar la econom\u00eda y calidad de vida de las familias, as\u00ed como al desarrollo econ\u00f3mico de Solidaridad\u201d, enfatiz\u00f3 la alcaldesa.<\/p>\n<p>A trav\u00e9s de la Secretar\u00eda de Desarrollo Econ\u00f3mico Municipal se han creado programas para apoyar y promover a los artesanos y productores locales.<\/p>\n<p>Uno de estos programas es la marca \u201cHecho en Playa del Carmen\u201d, que destaca y promueve a 33 artesanos y 17 productores con registro ante el IMPI, resaltando la calidad de los productos elaborados en el municipio.<\/p>\n<p>Aunado a lo anterior, \u201cLa Plaza de Playa\u201d proporciona un espacio en la Plaza 28 de Julio, de viernes a domingo, para que m\u00e1s de 70 productores y artesanos locales comercialicen sus productos.<\/p>\n<p>En colaboraci\u00f3n con la SEDE zona Norte y PRODECON, se imparten cursos sobre obligaciones fiscales, ventas y marketing para apoyar el crecimiento de estos emprendedores.<\/p>\n<p>El \u201cBazar Juvenil\u201d, impulsado por el Instituto de la Juventud, ofrece una plataforma para m\u00e1s de 100 j\u00f3venes emprendedores. Desde moda y arte hasta tecnolog\u00eda y gastronom\u00eda.<\/p>\n<p>Este mercado se realiza todos los viernes y s\u00e1bados en el Parque Leona Vicario. Adem\u00e1s, proporciona a los asistentes eventos y actividades especiales para crear un ambiente festivo durante todo el evento.<\/p>\n<p>Finalmente, el Instituto de la Mujer con el programa \u201cDe Mujer a Mujer\u201d establece un centro de negocios para emprendedoras, el cual dispondr\u00e1 de espacios gratuitos en diferentes ubicaciones del municipio a 118 mujeres registradas, permiti\u00e9ndoles promocionar sus productos y generar ingresos.<\/p>\n<p>Tambi\u00e9n, se empodera a mujeres y ni\u00f1as a trav\u00e9s de 46 cursos y talleres, que abarcan desde macram\u00e9 hasta vendaje neuromuscular, promoviendo la independencia y la autosuficiencia.<\/p>\n","protected":false},"excerpt":{"rendered":"<p>Con la puesta en marcha de programas que impulsan y generan ingresos a la ciudadan\u00eda, la presidenta municipal de Solidaridad, Roxana Lili Campos Miranda, reafirma su compromiso con el desarrollo econ\u00f3mico, igualdad de g\u00e9nero, empoderamiento y la calidad de vida de las familias. \u201cMe siento muy orgullosa de impulsar y dar a conocer los productos [&hellip;]<\/p>\n","protected":false},"author":1,"featured_media":29861,"comment_status":"open","ping_status":"closed","sticky":false,"template":"","format":"standard","meta":{"footnotes":""},"categories":[4],"tags":[],"class_list":["post-29859","post","type-post","status-publish","format-standard","has-post-thumbnail","hentry","category-local"],"_links":{"self":[{"href":"https:\/\/solidaridadnews.com\/index.php?rest_route=\/wp\/v2\/posts\/29859","targetHints":{"allow":["GET"]}}],"collection":[{"href":"https:\/\/solidaridadnews.com\/index.php?rest_route=\/wp\/v2\/posts"}],"about":[{"href":"https:\/\/solidaridadnews.com\/index.php?rest_route=\/wp\/v2\/types\/post"}],"author":[{"embeddable":true,"href":"https:\/\/solidaridadnews.com\/index.php?rest_route=\/wp\/v2\/users\/1"}],"replies":[{"embeddable":true,"href":"https:\/\/solidaridadnews.com\/index.php?rest_route=%2Fwp%2Fv2%2Fcomments&post=29859"}],"version-history":[{"count":1,"href":"https:\/\/solidaridadnews.com\/index.php?rest_route=\/wp\/v2\/posts\/29859\/revisions"}],"predecessor-version":[{"id":29860,"href":"https:\/\/solidaridadnews.com\/index.php?rest_route=\/wp\/v2\/posts\/29859\/revisions\/29860"}],"wp:featuredmedia":[{"embeddable":true,"href":"https:\/\/solidaridadnews.com\/index.php?rest_route=\/wp\/v2\/media\/29861"}],"wp:attachment":[{"href":"https:\/\/solidaridadnews.com\/index.php?rest_route=%2Fwp%2Fv2%2Fmedia&parent=29859"}],"wp:term":[{"taxonomy":"category","embeddable":true,"href":"https:\/\/solidaridadnews.com\/index.php?rest_route=%2Fwp%2Fv2%2Fcategories&post=29859"},{"taxonomy":"post_tag","embeddable":true,"href":"https:\/\/solidaridadnews.com\/index.php?rest_route=%2Fwp%2Fv2%2Ftags&post=29859"}],"curies":[{"name":"wp","href":"https:\/\/api.w.org\/{rel}","templated":true}]}}