{"id":29841,"date":"2023-10-17T13:37:47","date_gmt":"2023-10-17T18:37:47","guid":{"rendered":"https:\/\/solidaridadnews.com\/?p=29841"},"modified":"2023-10-17T18:37:48","modified_gmt":"2023-10-17T18:37:48","slug":"asumiria-gobierno-del-estado-control-de-carcel-en-playa-del-carmen","status":"publish","type":"post","link":"https:\/\/solidaridadnews.com\/?p=29841","title":{"rendered":"Asumir\u00eda gobierno del estado control de c\u00e1rcel en Playa del Carmen"},"content":{"rendered":"<p>El gobierno de Quintana Roo analiza si es viable asumir el control del Centro de Retenci\u00f3n Municipal de Solidaridad, tras una ri\u00f1a suscitada a inicios del mes que dej\u00f3 como saldo dos muertos y dos heridos.<\/p>\n<p>El capit\u00e1n Julio C\u00e9sar G\u00f3mez Torres, secretario de Seguridad Ciudadana en la entidad, detall\u00f3 que el Centro de Retenci\u00f3n en Playa del Carmen durante a\u00f1os ha sido administrado por el Ayuntamiento y existe una coordinaci\u00f3n con las autoridades policiales de aquella localidad.<\/p>\n<p>Sin embargo, consider\u00f3 que es necesario impulsar m\u00e1s la seguridad por parte del gobierno al interior de los centros penitenciarios, adem\u00e1s de apostarle al trabajo de reinserci\u00f3n, por ello en la medida de mejorar las condiciones de vigilancia no descartan hacer esta transici\u00f3n, es decir, que el control pase del municipio al estado.<\/p>\n<p>\u201cSiempre y cuando el an\u00e1lisis nos arroje que es conveniente llevarlo a cabo, por supuesto que hay una decisi\u00f3n seria de parte del gobierno del estado de mejorar las condiciones de los centros penitenciarios.<\/p>\n<p>\u201cS\u00ed, por supuesto que estamos haciendo los an\u00e1lisis, es algo que se tiene que revisar y cuando sea conveniente hacer la transici\u00f3n\u201d.<\/p>\n<p>Record\u00f3 que existe un compromiso en esta administraci\u00f3n estatal por fortalecer tanto la gobernabilidad como la seguridad en los centros penitenciarios que hay en la entidad, por lo que la semana pasada se efectu\u00f3 el traslado de 87 personas privadas de la libertad.<\/p>\n<p>Del total de personas, 37 se encontraban en el Centro de Reinserci\u00f3n Social de Canc\u00fan y 50 en el de Solidaridad, quienes fueron reubicados en diferentes Centros Federales de Readaptaci\u00f3n Social con la intenci\u00f3n de despresurizar la carga de los penales en el estado.<\/p>\n<p>Como parte del informe semanal del Gabinete de Seguridad, indic\u00f3 que del 9 al 15 de octubre \u2014a trav\u00e9s del trabajo colaborativo entre las autoridades que conforman el Grupo de Coordinaci\u00f3n para la Construcci\u00f3n de la Paz y Seguridad\u2014 aseguraron mil 110 dosis de marihuana, 109 dosis de crack y 70 dosis de cristal.<\/p>\n<p>Durante el mismo periodo, se incautaron tres armas cortas, un arma larga, 46 cartuchos, cuatro cargadores y dos armas blancas.<\/p>\n<p>Adem\u00e1s, identificaron 20 veh\u00edculos relacionados con posibles delitos, aunado a que recuperaron dos autom\u00f3viles con reporte de robo.<\/p>\n<p>En las labores preventivas, el funcionario agreg\u00f3 que la Unidad Canina llev\u00f3 a cabo 7 mil 893 inspecciones a ciudadanos y turistas en cada uno de los puntos de revisi\u00f3n en la entidad; mientras que la Unidad de Servicios Especiales de Vigilancia realiz\u00f3 74 recorridos en diversos puntos del estado.<\/p>\n","protected":false},"excerpt":{"rendered":"<p>El gobierno de Quintana Roo analiza si es viable asumir el control del Centro de Retenci\u00f3n Municipal de Solidaridad, tras una ri\u00f1a suscitada a inicios del mes que dej\u00f3 como saldo dos muertos y dos heridos. El capit\u00e1n Julio C\u00e9sar G\u00f3mez Torres, secretario de Seguridad Ciudadana en la entidad, detall\u00f3 que el Centro de Retenci\u00f3n [&hellip;]<\/p>\n","protected":false},"author":1,"featured_media":29843,"comment_status":"open","ping_status":"closed","sticky":false,"template":"","format":"standard","meta":{"footnotes":""},"categories":[4],"tags":[],"class_list":["post-29841","post","type-post","status-publish","format-standard","has-post-thumbnail","hentry","category-local"],"_links":{"self":[{"href":"https:\/\/solidaridadnews.com\/index.php?rest_route=\/wp\/v2\/posts\/29841","targetHints":{"allow":["GET"]}}],"collection":[{"href":"https:\/\/solidaridadnews.com\/index.php?rest_route=\/wp\/v2\/posts"}],"about":[{"href":"https:\/\/solidaridadnews.com\/index.php?rest_route=\/wp\/v2\/types\/post"}],"author":[{"embeddable":true,"href":"https:\/\/solidaridadnews.com\/index.php?rest_route=\/wp\/v2\/users\/1"}],"replies":[{"embeddable":true,"href":"https:\/\/solidaridadnews.com\/index.php?rest_route=%2Fwp%2Fv2%2Fcomments&post=29841"}],"version-history":[{"count":1,"href":"https:\/\/solidaridadnews.com\/index.php?rest_route=\/wp\/v2\/posts\/29841\/revisions"}],"predecessor-version":[{"id":29842,"href":"https:\/\/solidaridadnews.com\/index.php?rest_route=\/wp\/v2\/posts\/29841\/revisions\/29842"}],"wp:featuredmedia":[{"embeddable":true,"href":"https:\/\/solidaridadnews.com\/index.php?rest_route=\/wp\/v2\/media\/29843"}],"wp:attachment":[{"href":"https:\/\/solidaridadnews.com\/index.php?rest_route=%2Fwp%2Fv2%2Fmedia&parent=29841"}],"wp:term":[{"taxonomy":"category","embeddable":true,"href":"https:\/\/solidaridadnews.com\/index.php?rest_route=%2Fwp%2Fv2%2Fcategories&post=29841"},{"taxonomy":"post_tag","embeddable":true,"href":"https:\/\/solidaridadnews.com\/index.php?rest_route=%2Fwp%2Fv2%2Ftags&post=29841"}],"curies":[{"name":"wp","href":"https:\/\/api.w.org\/{rel}","templated":true}]}}