{"id":29730,"date":"2023-10-11T19:04:25","date_gmt":"2023-10-12T00:04:25","guid":{"rendered":"https:\/\/solidaridadnews.com\/?p=29730"},"modified":"2023-10-12T00:04:41","modified_gmt":"2023-10-12T00:04:41","slug":"santa-fe-klan-se-sube-con-el-escorpion-dorado-la-verdad-sobre-karely-ruiz","status":"publish","type":"post","link":"https:\/\/solidaridadnews.com\/?p=29730","title":{"rendered":"Santa Fe Klan se sube con el Escorpi\u00f3n Dorado: la verdad sobre Karely Ruiz"},"content":{"rendered":"<header class=\"main-article--header\">\n<h4 class=\"bajada\" style=\"text-align: center;\">\u00bfTruco publicitario el romance Karely Ruiz? Santa Fe Klan responde: \u00abNo, ah\u00ed hicimos una rola nom\u00e1s\u2026 Somos compas, pero hace mucho que no le hablo\u2026 Grabamos el video, and\u00e1bamos bien pedos\u00bb<\/h4>\n<\/header>\n<div class=\"margen-top1\">\n<p>Finalmente\u00a0<strong>\u00c1ngel Jair Quezada Jasso<\/strong>, mejor conocido como\u00a0<strong>Santa Fe Klan<\/strong>, habl\u00f3 sobre la relaci\u00f3n que sostuvo con la influencer regiomontana\u00a0<strong>Karely Ruiz<\/strong>, la cual empez\u00f3 a crear rumores el pasado domingo 16 de abril en el \u201c<strong>Macrofest<\/strong>\u201d de\u00a0<strong>Monterrey<\/strong>, por ese<span class=\"marker\">\u00a0beso apasionado\u00a0<\/span>que se dieron enfrente de todos los presentes en el concierto del guanajuatense.<\/p>\n<p>Durante los 2 meses siguientes, los\u00a0<strong>internautas\u00a0<\/strong>siguieron paso a paso los movimientos de esta<strong>\u00a0pareja<\/strong>, quienes, aunque no hablaban sobre una posible relaci\u00f3n, se les vio juntos con frecuencia y hasta realizaron una colaboraci\u00f3n conjunta con el lanzamiento de la\u00a0<span class=\"marker\">canci\u00f3n \u201c<strong>Sabes<\/strong>\u201d.<\/span><\/p>\n<p>Karely explic\u00f3 en su momento sobre ese beso en p\u00fablico que fue \u201c<span class=\"marker\">un beso de amigos\u2026 Creo que funcionamos m\u00e1s como amigos. \u00c9l anda en su trabajo, yo en mi trabajo&#8230; Yo spolo factur\u00e9, yo no le baj\u00e9 el novio a nadie\u00bb<\/span>.<\/p>\n<\/div>\n<div class=\"main-article--body\">\n<p>Posteriormente, cada quien tom\u00f3 su camino, no se les volvi\u00f3 a ver juntos y\u00a0<strong>Santa Fe Klan<\/strong>\u00a0nunca habl\u00f3 de manera directa sobre esta relaci\u00f3n que tuvo con la bella\u00a0<strong>influencer regiomontana<\/strong>, por lo que los seguidores de ambos coincidieron en que s\u00f3lo se trat\u00f3 de\u00a0<span class=\"marker\">una situaci\u00f3n meramente publicitaria<\/span>.<\/p>\n<div class=\"content-banner\"><\/div>\n<p>Sin embargo,<strong>\u00a0\u00c1ngel Jair\u00a0<\/strong>rompi\u00f3 el silencio durante una entrevista reciente con<strong>\u00a0El Escorpi\u00f3n Dorado<\/strong>, en su formato<strong>\u00a0\u201cAl volante\u201d<\/strong>\u00a0y subida a<strong>\u00a0redes sociales<\/strong>, quien lo interrog\u00f3 sobre esta relaci\u00f3n, a lo que muy a su estilo \u00c1ngel Jair respondi\u00f3:\u00a0<span class=\"marker\">\u201cEst\u00e1bamos haciendo una rola nom\u00e1s\u201d<\/span>.<\/p>\n<p><strong>Alex Montiel<\/strong>, conocido como\u00a0<strong>El Escorpi\u00f3n Dorado<\/strong>, insisti\u00f3 en el tema y el\u00a0<strong>rapero guanajuatense<\/strong>\u00a0confirm\u00f3 que la relaci\u00f3n fue real y que ahora segu\u00edan siendo \u201c<strong>compas<\/strong>\u201d, aunque admiti\u00f3 que ya no se han comunicado recientemente, dejando entrever que\u00a0<span class=\"marker\">dicha relaci\u00f3n con Karely dur\u00f3 s\u00f3lo el tiempo de la colaboraci\u00f3n que realizaron juntos<\/span>.<\/p>\n<p>Sobre si se trat\u00f3 de un truco publicitario este romance con\u00a0<strong>Karely Ruiz<\/strong>, estas son las frases que Santa Fe Klan resalt\u00f3 durante la entrevista:<\/p>\n<blockquote><p>\u00abNo ah\u00ed, hicimos una rola nom\u00e1s\u2026 Somos compas, pero hace mucho que no le hablo, \u00abGrabamos el video, and\u00e1bamos bien pedos\u2026 Todo chido\u00bb.<\/p><\/blockquote>\n<p>Y sobre lo que le ha sucedido en su\u00a0<strong>trayectoria art\u00edstica<\/strong>, ha se\u00f1alado las siguientes frases:<\/p>\n<blockquote><p>\u201cNadie me ha conocido de verdad\u2026 Se quedan con el artista\u2026 muchas veces pasa as\u00ed, que ya nada m\u00e1s es porque soy el Santa Fe y no conocen a \u00c1ngel\u2026 muchos nunca conocieron mi barrio, mi familia y eso es lo que soy\u201d.<\/p><\/blockquote>\n<p>Fiel a su costumbre,\u00a0<span class=\"marker\">Santa Fe Klan elogi\u00f3 durante la entrevista el trabajo de Karely<\/span>, como en su momento destacara tambi\u00e9n la labor de su expareja, la influencer morelense\u00a0<strong>Maya Nazor<\/strong>, con quien procre\u00f3 a un hijo,\u00a0<strong>Luka<\/strong>.<\/p>\n<p>Sobre los rumores, que\u00a0<strong>\u00c1ngel Jair<\/strong>\u00a0consider\u00f3 como \u201cchismes\u201d sobre su vida privada, se\u00f1al\u00f3 que en M\u00e9xico no puede salir sin ser reconocido y se le acerca mucha gente, algo diferente a lo que le sucede en Estados Unidos, donde lo conocen menos y rara vez se le acerca alguien.<\/p>\n<p>Y sobre su relaci\u00f3n con Karely,<span class=\"marker\">\u00a0enfatiz\u00f3 que lo que a \u00e9l le importa es la amistad y el respeto mutuo que compartieron<\/span>, que lo que la gente diga al respecto.<\/p>\n<p>Lo cierto es que, la forma en la que sus seguidores perciben mayormente la imagen de este exitoso\u00a0<strong>rapero\u00a0<\/strong>es por su forma de componer y entonar sus canciones, aunque mayormente por su\u00a0<span class=\"marker\">sencillez, autenticidad y personalidad<\/span>, lo que se ha ganado el reconocimiento y cari\u00f1o de mucha gente.<\/p>\n<\/div>\n","protected":false},"excerpt":{"rendered":"<p>\u00bfTruco publicitario el romance Karely Ruiz? Santa Fe Klan responde: \u00abNo, ah\u00ed hicimos una rola nom\u00e1s\u2026 Somos compas, pero hace mucho que no le hablo\u2026 Grabamos el video, and\u00e1bamos bien pedos\u00bb Finalmente\u00a0\u00c1ngel Jair Quezada Jasso, mejor conocido como\u00a0Santa Fe Klan, habl\u00f3 sobre la relaci\u00f3n que sostuvo con la influencer regiomontana\u00a0Karely Ruiz, la cual empez\u00f3 a [&hellip;]<\/p>\n","protected":false},"author":1,"featured_media":29732,"comment_status":"open","ping_status":"closed","sticky":false,"template":"","format":"standard","meta":{"footnotes":""},"categories":[3],"tags":[],"class_list":["post-29730","post","type-post","status-publish","format-standard","has-post-thumbnail","hentry","category-espectaculos"],"_links":{"self":[{"href":"https:\/\/solidaridadnews.com\/index.php?rest_route=\/wp\/v2\/posts\/29730","targetHints":{"allow":["GET"]}}],"collection":[{"href":"https:\/\/solidaridadnews.com\/index.php?rest_route=\/wp\/v2\/posts"}],"about":[{"href":"https:\/\/solidaridadnews.com\/index.php?rest_route=\/wp\/v2\/types\/post"}],"author":[{"embeddable":true,"href":"https:\/\/solidaridadnews.com\/index.php?rest_route=\/wp\/v2\/users\/1"}],"replies":[{"embeddable":true,"href":"https:\/\/solidaridadnews.com\/index.php?rest_route=%2Fwp%2Fv2%2Fcomments&post=29730"}],"version-history":[{"count":1,"href":"https:\/\/solidaridadnews.com\/index.php?rest_route=\/wp\/v2\/posts\/29730\/revisions"}],"predecessor-version":[{"id":29731,"href":"https:\/\/solidaridadnews.com\/index.php?rest_route=\/wp\/v2\/posts\/29730\/revisions\/29731"}],"wp:featuredmedia":[{"embeddable":true,"href":"https:\/\/solidaridadnews.com\/index.php?rest_route=\/wp\/v2\/media\/29732"}],"wp:attachment":[{"href":"https:\/\/solidaridadnews.com\/index.php?rest_route=%2Fwp%2Fv2%2Fmedia&parent=29730"}],"wp:term":[{"taxonomy":"category","embeddable":true,"href":"https:\/\/solidaridadnews.com\/index.php?rest_route=%2Fwp%2Fv2%2Fcategories&post=29730"},{"taxonomy":"post_tag","embeddable":true,"href":"https:\/\/solidaridadnews.com\/index.php?rest_route=%2Fwp%2Fv2%2Ftags&post=29730"}],"curies":[{"name":"wp","href":"https:\/\/api.w.org\/{rel}","templated":true}]}}