{"id":29713,"date":"2023-10-09T09:03:53","date_gmt":"2023-10-09T14:03:53","guid":{"rendered":"https:\/\/solidaridadnews.com\/?p=29713"},"modified":"2023-10-09T14:03:55","modified_gmt":"2023-10-09T14:03:55","slug":"zorro-gris-entre-la-fauna-desplazada-por-el-tren-maya","status":"publish","type":"post","link":"https:\/\/solidaridadnews.com\/?p=29713","title":{"rendered":"Zorro gris, entre la fauna desplazada por el Tren Maya"},"content":{"rendered":"<div>\n<div class=\"row m-b-15\">\n<div class=\"col-xs-12 col-sm-12 col-md-12 col-lg-12\">\n<h3 class=\"introduction\" style=\"text-align: center;\">Ambientalistas apuntan que siguen encontrando indicios de animales que deben abandonar su h\u00e1bitat por las obras.<\/h3>\n<\/div>\n<\/div>\n<\/div>\n<div class=\"row m-b-25\">\n<div class=\"col-xs-12 col-sm-12 col-md-12 col-lg-12 info-extra-new\">\n<p>En la zona del\u00a0<strong>Tren Maya tramo 5 Sur<\/strong>\u00a0contin\u00faan descubriendo especies de fauna que cruzan el lugar para seguir el camino a su h\u00e1bitat original, denunciaron ambientalistas en los \u00faltimos d\u00edas.<\/p>\n<p>Jos\u00e9 Urbina Bravo, ambientalista y promovente de un juicio de amparo contra el proyecto federal, dio a conocer que siguen descubriendo especies que pasan por las obras, seg\u00fan evidencias que han logrado fotografiar en los \u00faltimos d\u00edas.<\/p>\n<p>\u201c<strong>Zorro gris<\/strong>\u00a0fuera de los que alguna vez fue el\u00a0cenote Dama Blanca\u00a0ya no es parte de la selva. Est\u00e1n cerca de los pilotes con los que imponen el Tren Maya sobre cientos de cenotes. Fauna desplazada, muerta (&#8230;) Hab\u00eda alternativas pero son esbirros inmobiliarios\u201d, expuso Pepe Urbina.<\/p>\n<p>Lo anterior, luego que un zorro gris fue detectado en lo que era la cueva Dama Blanca, la cual fue rellenada en su dolina en marzo pasado, lo que caus\u00f3 controversia que lleg\u00f3 hasta las conferencias matutinas del presidente\u00a0<strong>Andr\u00e9s Manuel L\u00f3pez Obrador<\/strong>.<\/p>\n<p>Urbina Bravo se\u00f1al\u00f3 que contin\u00faan con el relleno de cenotes en diversas \u00e1reas del tramo 5 Sur, principalmente en los segmentos que van para el municipio de Tulum, de manera particular en los alrededores de Akumal.<\/p>\n<p>Este tramo ha sido el m\u00e1s pol\u00e9mico en la construcci\u00f3n del proyecto federal. Mide alrededor de 60 kil\u00f3metros. Parte del acceso al basurero de Playa del Carmen y concluye en Tulum.<\/p>\n<p>Urbina Bravo dijo que en estos tramos han sido encontrados diversas especies de animales que antes del Tren Maya, viv\u00edan en armon\u00eda con la selva pr\u00e1cticamente virgen.<\/p>\n<p>El ambientalista es promovente del\u00a0<strong>juicio de amparo 884\/2022<\/strong>, el cual logr\u00f3 detener las obras ferroviarias por alrededor de tres meses en 2022 mediante una suspensi\u00f3n definitiva que, posteriormente, fue retirada por Juzgado Primero de Distrito, de Yucat\u00e1n.<\/p>\n<section id=\"limit-stiky-65236e946629310014ec153a\" class=\"row\">\n<div class=\"col-xs-112 col-sm-10 col-md-10 col-lg-10\">\n<div class=\"row content-news-data-65236e946629310014ec153a\">\n<div class=\"col-xs-12 col-sm-12 col-md-12 col-lg-12 cuerpo-nota\">\n<p>Actualmente este proceso legal se encuentra con medios de impugnaci\u00f3n porque los promoventes consideraron que el retiro de la medida cautelar fue realizada con irregularidades, acciones que lleva la asociaci\u00f3n civil Defendiendo el Derecho a un Medio Ambiente Sano.<\/p>\n<\/div>\n<\/div>\n<\/div>\n<\/section>\n<section class=\"row\">\n<div class=\"col-xs-4 col-sm-14 col-md-4 col-lg-4\">\n<div class=\"btn-seguinos-gnews\"><\/div>\n<\/div>\n<\/section>\n<\/div>\n<\/div>\n","protected":false},"excerpt":{"rendered":"<p>Ambientalistas apuntan que siguen encontrando indicios de animales que deben abandonar su h\u00e1bitat por las obras. En la zona del\u00a0Tren Maya tramo 5 Sur\u00a0contin\u00faan descubriendo especies de fauna que cruzan el lugar para seguir el camino a su h\u00e1bitat original, denunciaron ambientalistas en los \u00faltimos d\u00edas. Jos\u00e9 Urbina Bravo, ambientalista y promovente de un juicio [&hellip;]<\/p>\n","protected":false},"author":1,"featured_media":29715,"comment_status":"open","ping_status":"closed","sticky":false,"template":"","format":"standard","meta":{"footnotes":""},"categories":[4],"tags":[],"class_list":["post-29713","post","type-post","status-publish","format-standard","has-post-thumbnail","hentry","category-local"],"_links":{"self":[{"href":"https:\/\/solidaridadnews.com\/index.php?rest_route=\/wp\/v2\/posts\/29713","targetHints":{"allow":["GET"]}}],"collection":[{"href":"https:\/\/solidaridadnews.com\/index.php?rest_route=\/wp\/v2\/posts"}],"about":[{"href":"https:\/\/solidaridadnews.com\/index.php?rest_route=\/wp\/v2\/types\/post"}],"author":[{"embeddable":true,"href":"https:\/\/solidaridadnews.com\/index.php?rest_route=\/wp\/v2\/users\/1"}],"replies":[{"embeddable":true,"href":"https:\/\/solidaridadnews.com\/index.php?rest_route=%2Fwp%2Fv2%2Fcomments&post=29713"}],"version-history":[{"count":1,"href":"https:\/\/solidaridadnews.com\/index.php?rest_route=\/wp\/v2\/posts\/29713\/revisions"}],"predecessor-version":[{"id":29714,"href":"https:\/\/solidaridadnews.com\/index.php?rest_route=\/wp\/v2\/posts\/29713\/revisions\/29714"}],"wp:featuredmedia":[{"embeddable":true,"href":"https:\/\/solidaridadnews.com\/index.php?rest_route=\/wp\/v2\/media\/29715"}],"wp:attachment":[{"href":"https:\/\/solidaridadnews.com\/index.php?rest_route=%2Fwp%2Fv2%2Fmedia&parent=29713"}],"wp:term":[{"taxonomy":"category","embeddable":true,"href":"https:\/\/solidaridadnews.com\/index.php?rest_route=%2Fwp%2Fv2%2Fcategories&post=29713"},{"taxonomy":"post_tag","embeddable":true,"href":"https:\/\/solidaridadnews.com\/index.php?rest_route=%2Fwp%2Fv2%2Ftags&post=29713"}],"curies":[{"name":"wp","href":"https:\/\/api.w.org\/{rel}","templated":true}]}}