{"id":29710,"date":"2023-10-09T09:02:43","date_gmt":"2023-10-09T14:02:43","guid":{"rendered":"https:\/\/solidaridadnews.com\/?p=29710"},"modified":"2023-10-09T14:02:44","modified_gmt":"2023-10-09T14:02:44","slug":"confirman-visita-de-claudia-sheinbaum-a-q-roo-estara-el-12-de-octubre-en-playa-del-carmen","status":"publish","type":"post","link":"https:\/\/solidaridadnews.com\/?p=29710","title":{"rendered":"Confirman visita de Claudia Sheinbaum a Q. Roo; estar\u00e1 el 12 de octubre en Playa del Carmen"},"content":{"rendered":"<p><strong>Claudia Sheinbaum Pardo, coordinadora de los Comit\u00e9s de Defensa de la Transformaci\u00f3n y virtual candidata presidencial de la 4T para 2024 visitar\u00e1 Quintana Roo como parte de su gira de agradecimiento a todas los simpatizantes y militantes de los partidos de la Cuarta Transformaci\u00f3n que la apoyaron.<\/strong><\/p>\n<div>\n<p>Destaca adem\u00e1s que el evento de la pr\u00f3xima abanderada de la 4T se llevar\u00e1 a cabo en\u00a0<strong>Playa del Carmen<\/strong>, en el municipio de\u00a0<strong>Solidaridad<\/strong>, \u00faltimo basti\u00f3n de la oposici\u00f3n en la entidad y que es gobernado por el\u00a0<strong>Partido Acci\u00f3n Nacional<\/strong>\u00a0(<strong>PAN<\/strong>).<\/p>\n<p>De acuerdo con la informaci\u00f3n que han comenzado a difundir militantes y funcionarios de la\u00a0<strong>4T<\/strong>\u00a0en\u00a0<strong>Quintana Roo<\/strong>, el evento masivo con\u00a0<strong>Claudia Sheinbaum<\/strong>\u00a0se llevar\u00e1 a cabo este pr\u00f3ximo jueves 12 de octubre en\u00a0<strong>Playa del Carmen<\/strong>. La cita es a las 3:00 pm en el campo de futbol del Sindicato de Taxistas \u201cL\u00e1zaro C\u00e1rdenas del R\u00edo\u201d.<\/p>\n<p>Se espera que durante esta visita de la nueva lideresa del movimiento de transformaci\u00f3n y futura candidata presidencial se vea a las figuras m\u00e1s prominentes de\u00a0<strong>Morena<\/strong>,\u00a0<strong>Partido Verde<\/strong>\u00a0y\u00a0<strong>PT<\/strong>, algunas de las cuales podr\u00edan buscar candidaturas a alcald\u00edas o diputaciones para los comicios de 2024.<\/p>\n<p>Aunque posiblemente no todos queden contentos, pues\u00a0<strong>Claudia Sheinbaum<\/strong>\u00a0ya advirti\u00f3 en uno de sus recientes viajes, desde Tepic, que la gente que la apoy\u00f3 no tiene garantizados espacios ni cargos, que hay que trabajar y hacer m\u00e9ritos para que as\u00ed sea. Y es que mucha gente que incluso estaba en otros partidos se ha ido acercando a la futura candidata con la intenci\u00f3n de obtener un espacio dentro de la llamada 4T.<\/p>\n<p>As\u00ed que la cita de los playenses y los quintanarroenses con la virtual candidata de la\u00a0<strong>Cuarta Transformaci\u00f3n<\/strong>\u00a0es este jueves 12 de octubre a las 3:00 pm en el campo del sindicato de taxistas de\u00a0<strong>Playa del Carmen<\/strong>.<\/p>\n<\/div>\n","protected":false},"excerpt":{"rendered":"<p>Claudia Sheinbaum Pardo, coordinadora de los Comit\u00e9s de Defensa de la Transformaci\u00f3n y virtual candidata presidencial de la 4T para 2024 visitar\u00e1 Quintana Roo como parte de su gira de agradecimiento a todas los simpatizantes y militantes de los partidos de la Cuarta Transformaci\u00f3n que la apoyaron. Destaca adem\u00e1s que el evento de la pr\u00f3xima [&hellip;]<\/p>\n","protected":false},"author":1,"featured_media":29712,"comment_status":"open","ping_status":"closed","sticky":false,"template":"","format":"standard","meta":{"footnotes":""},"categories":[4],"tags":[],"class_list":["post-29710","post","type-post","status-publish","format-standard","has-post-thumbnail","hentry","category-local"],"_links":{"self":[{"href":"https:\/\/solidaridadnews.com\/index.php?rest_route=\/wp\/v2\/posts\/29710","targetHints":{"allow":["GET"]}}],"collection":[{"href":"https:\/\/solidaridadnews.com\/index.php?rest_route=\/wp\/v2\/posts"}],"about":[{"href":"https:\/\/solidaridadnews.com\/index.php?rest_route=\/wp\/v2\/types\/post"}],"author":[{"embeddable":true,"href":"https:\/\/solidaridadnews.com\/index.php?rest_route=\/wp\/v2\/users\/1"}],"replies":[{"embeddable":true,"href":"https:\/\/solidaridadnews.com\/index.php?rest_route=%2Fwp%2Fv2%2Fcomments&post=29710"}],"version-history":[{"count":1,"href":"https:\/\/solidaridadnews.com\/index.php?rest_route=\/wp\/v2\/posts\/29710\/revisions"}],"predecessor-version":[{"id":29711,"href":"https:\/\/solidaridadnews.com\/index.php?rest_route=\/wp\/v2\/posts\/29710\/revisions\/29711"}],"wp:featuredmedia":[{"embeddable":true,"href":"https:\/\/solidaridadnews.com\/index.php?rest_route=\/wp\/v2\/media\/29712"}],"wp:attachment":[{"href":"https:\/\/solidaridadnews.com\/index.php?rest_route=%2Fwp%2Fv2%2Fmedia&parent=29710"}],"wp:term":[{"taxonomy":"category","embeddable":true,"href":"https:\/\/solidaridadnews.com\/index.php?rest_route=%2Fwp%2Fv2%2Fcategories&post=29710"},{"taxonomy":"post_tag","embeddable":true,"href":"https:\/\/solidaridadnews.com\/index.php?rest_route=%2Fwp%2Fv2%2Ftags&post=29710"}],"curies":[{"name":"wp","href":"https:\/\/api.w.org\/{rel}","templated":true}]}}